{"id":1004,"date":"2023-08-09T05:25:00","date_gmt":"2023-08-09T08:25:00","guid":{"rendered":"https:\/\/blog.geraiscafe.com.br\/?p=1004"},"modified":"2023-08-08T21:23:31","modified_gmt":"2023-08-09T00:23:31","slug":"a-evolucao-dos-metodos-de-preparo-do-cafe-uma-jornada-saborosa-atraves-do-tempo","status":"publish","type":"post","link":"https:\/\/blog.geraiscafe.com.br\/index.php\/2023\/08\/09\/a-evolucao-dos-metodos-de-preparo-do-cafe-uma-jornada-saborosa-atraves-do-tempo\/","title":{"rendered":"A Evolu\u00e7\u00e3o dos M\u00e9todos de Preparo do Caf\u00e9: Uma Jornada Saborosa Atrav\u00e9s do Tempo"},"content":{"rendered":"\n<p class=\"has-medium-font-size\">O caf\u00e9 \u00e9 mais do que uma bebida; \u00e9 um ritual, um abra\u00e7o quente em uma manh\u00e3 fria, uma pausa no meio do dia e uma paix\u00e3o compartilhada por muitos ao redor do mundo. Mas voc\u00ea j\u00e1 parou para pensar sobre como evolu\u00edram os m\u00e9todos de preparo desta bebida amada? Embarque conosco nesta jornada saborosa para descobrir a fascinante evolu\u00e7\u00e3o dos m\u00e9todos de preparo do caf\u00e9.<\/p>\n\n\n\n<figure class=\"wp-block-image size-large\"><img fetchpriority=\"high\" decoding=\"async\" width=\"1024\" height=\"574\" src=\"https:\/\/blog.geraiscafe.com.br\/wp-content\/uploads\/2023\/08\/magnum_alves_evolution_of_coffee_preparation_from_the_beginning_8fdaaa17-6244-4f97-b5cd-3f2791cbce98-1024x574.png\" alt=\"\" class=\"wp-image-1005\" srcset=\"https:\/\/blog.geraiscafe.com.br\/wp-content\/uploads\/2023\/08\/magnum_alves_evolution_of_coffee_preparation_from_the_beginning_8fdaaa17-6244-4f97-b5cd-3f2791cbce98-1024x574.png 1024w, https:\/\/blog.geraiscafe.com.br\/wp-content\/uploads\/2023\/08\/magnum_alves_evolution_of_coffee_preparation_from_the_beginning_8fdaaa17-6244-4f97-b5cd-3f2791cbce98-300x168.png 300w, https:\/\/blog.geraiscafe.com.br\/wp-content\/uploads\/2023\/08\/magnum_alves_evolution_of_coffee_preparation_from_the_beginning_8fdaaa17-6244-4f97-b5cd-3f2791cbce98-768x430.png 768w, https:\/\/blog.geraiscafe.com.br\/wp-content\/uploads\/2023\/08\/magnum_alves_evolution_of_coffee_preparation_from_the_beginning_8fdaaa17-6244-4f97-b5cd-3f2791cbce98-750x420.png 750w, https:\/\/blog.geraiscafe.com.br\/wp-content\/uploads\/2023\/08\/magnum_alves_evolution_of_coffee_preparation_from_the_beginning_8fdaaa17-6244-4f97-b5cd-3f2791cbce98-1140x639.png 1140w, https:\/\/blog.geraiscafe.com.br\/wp-content\/uploads\/2023\/08\/magnum_alves_evolution_of_coffee_preparation_from_the_beginning_8fdaaa17-6244-4f97-b5cd-3f2791cbce98.png 1456w\" sizes=\"(max-width: 1024px) 100vw, 1024px\" \/><\/figure>\n\n\n\n<h2 class=\"wp-block-heading\">Os Prim\u00f3rdios &#8211; \u00c1frica e Ar\u00e1bia<\/h2>\n\n\n\n<p>A hist\u00f3ria nos diz que o caf\u00e9 foi descoberto na Eti\u00f3pia, quando um pastor observou que suas cabras ficavam mais energ\u00e9ticas ap\u00f3s consumir certos frutos vermelhos. Contudo, as primeiras t\u00e9cnicas registradas de preparo v\u00eam da Ar\u00e1bia. Os gr\u00e3os eram inicialmente fervidos, o que produzia uma bebida mais forte e densa.<\/p>\n\n\n\n<h2 class=\"wp-block-heading\">A Expans\u00e3o para a Europa<\/h2>\n\n\n\n<p>Ao chegar na Europa, a bebida se transformou. Em meados do s\u00e9culo XVII, os franceses introduziram a &#8220;cafeteira de bal\u00e3o&#8221; ou &#8220;sif\u00e3o&#8221;, que utilizava vapor e v\u00e1cuo para preparar o caf\u00e9. J\u00e1 na It\u00e1lia, o expresso, uma forma r\u00e1pida e concentrada de fazer caf\u00e9, nascia gra\u00e7as \u00e0 inven\u00e7\u00e3o da m\u00e1quina de expresso em 1884.<\/p>\n\n\n\n<h2 class=\"wp-block-heading\">O Movimento Americano<\/h2>\n\n\n\n<p>Os EUA trouxeram inova\u00e7\u00f5es como o &#8220;drip coffee&#8221; (caf\u00e9 coado). A inven\u00e7\u00e3o do filtro de papel por Melitta Bentz em 1908 revolucionou o m\u00e9todo, garantindo uma bebida mais limpa. Outro grande marco foi o desenvolvimento da prensa francesa no in\u00edcio do s\u00e9culo XX.<\/p>\n\n\n\n<h2 class=\"wp-block-heading\">M\u00e9todos Modernos<\/h2>\n\n\n\n<p>Hoje, o universo do caf\u00e9 \u00e9 vasto. Temos o &#8220;cold brew&#8221;, onde o caf\u00e9 \u00e9 extra\u00eddo lentamente em \u00e1gua fria por horas, o Aeropress, que combina press\u00e3o e imers\u00e3o, e os m\u00e9todos de preparo orientais, como o Dalgona, que ganhou popularidade global em 2020.<\/p>\n\n\n\n<h2 class=\"wp-block-heading\">Tecnologia e Caf\u00e9<\/h2>\n\n\n\n<p>O avan\u00e7o da tecnologia tamb\u00e9m se refletiu no mundo cafeeiro. M\u00e1quinas inteligentes, que moem, dosam e extraem o caf\u00e9 na medida perfeita, se tornaram comuns em muitos lares e estabelecimentos.<\/p>\n\n\n\n<h2 class=\"wp-block-heading\">Conclus\u00e3o<\/h2>\n\n\n\n<p>A evolu\u00e7\u00e3o dos m\u00e9todos de preparo do caf\u00e9 reflete a paix\u00e3o e a incessante busca humana pelo &#8216;caf\u00e9 perfeito&#8217;. Do simples ferver de gr\u00e3os ao uso da mais avan\u00e7ada m\u00e1quina, o caf\u00e9 continua sendo uma bebida que une, fascina e desperta nosso paladar e imagina\u00e7\u00e3o.<\/p>\n","protected":false},"excerpt":{"rendered":"<p>Imagem: Montagem mostrando diferentes m\u00e9todos de preparo do caf\u00e9, desde gr\u00e3os antigos at\u00e9 m\u00e1quinas modernas.<\/p>\n","protected":false},"author":1,"featured_media":1005,"comment_status":"open","ping_status":"open","sticky":false,"template":"","format":"standard","meta":{"content-type":"","footnotes":"","jnews-multi-image_gallery":[],"jnews_single_post":{"subtitle":"","format":"standard","video":"","gallery":"","source_name":"","source_url":"","via_name":"","via_url":"","override_template":"0","override":[{"template":"3","single_blog_custom":"","parallax":"1","fullscreen":"1","layout":"right-sidebar","sidebar":"sidebar-single-post","second_sidebar":"default-sidebar","sticky_sidebar":"1","share_position":"float","share_float_style":"share-monocrhome","show_share_counter":"1","show_view_counter":"1","show_featured":"1","show_post_meta":"1","show_post_author":"1","show_post_author_image":"1","show_post_date":"1","post_date_format":"default","post_date_format_custom":"Y\/m\/d","show_post_category":"1","show_post_reading_time":"0","post_reading_time_wpm":"300","show_zoom_button":"0","zoom_button_out_step":"2","zoom_button_in_step":"3","show_post_tag":"1","show_prev_next_post":"1","show_popup_post":"1","number_popup_post":"1","show_author_box":"1","show_post_related":"1","show_inline_post_related":"0"}],"override_image_size":"0","image_override":[{"single_post_thumbnail_size":"crop-500","single_post_gallery_size":"crop-500"}],"trending_post":"0","trending_post_position":"meta","trending_post_label":"Trending","sponsored_post":"0","sponsored_post_label":"Sponsored by","sponsored_post_name":"","sponsored_post_url":"","sponsored_post_logo_enable":"0","sponsored_post_logo":"","sponsored_post_desc":"","disable_ad":"0"},"jnews_primary_category":{"id":"","hide":""},"jnews_social_meta":{"fb_title":"","fb_description":"","fb_image":"","twitter_title":"","twitter_description":"","twitter_image":""},"jnews_override_counter":{"override_view_counter":"0","view_counter_number":"0","override_share_counter":"0","share_counter_number":"0","override_like_counter":"0","like_counter_number":"0","override_dislike_counter":"0","dislike_counter_number":"0"}},"categories":[98],"tags":[219,217,222,220,215,108,218,216,221,223],"_links":{"self":[{"href":"https:\/\/blog.geraiscafe.com.br\/index.php\/wp-json\/wp\/v2\/posts\/1004"}],"collection":[{"href":"https:\/\/blog.geraiscafe.com.br\/index.php\/wp-json\/wp\/v2\/posts"}],"about":[{"href":"https:\/\/blog.geraiscafe.com.br\/index.php\/wp-json\/wp\/v2\/types\/post"}],"author":[{"embeddable":true,"href":"https:\/\/blog.geraiscafe.com.br\/index.php\/wp-json\/wp\/v2\/users\/1"}],"replies":[{"embeddable":true,"href":"https:\/\/blog.geraiscafe.com.br\/index.php\/wp-json\/wp\/v2\/comments?post=1004"}],"version-history":[{"count":2,"href":"https:\/\/blog.geraiscafe.com.br\/index.php\/wp-json\/wp\/v2\/posts\/1004\/revisions"}],"predecessor-version":[{"id":1007,"href":"https:\/\/blog.geraiscafe.com.br\/index.php\/wp-json\/wp\/v2\/posts\/1004\/revisions\/1007"}],"wp:featuredmedia":[{"embeddable":true,"href":"https:\/\/blog.geraiscafe.com.br\/index.php\/wp-json\/wp\/v2\/media\/1005"}],"wp:attachment":[{"href":"https:\/\/blog.geraiscafe.com.br\/index.php\/wp-json\/wp\/v2\/media?parent=1004"}],"wp:term":[{"taxonomy":"category","embeddable":true,"href":"https:\/\/blog.geraiscafe.com.br\/index.php\/wp-json\/wp\/v2\/categories?post=1004"},{"taxonomy":"post_tag","embeddable":true,"href":"https:\/\/blog.geraiscafe.com.br\/index.php\/wp-json\/wp\/v2\/tags?post=1004"}],"curies":[{"name":"wp","href":"https:\/\/api.w.org\/{rel}","templated":true}]}}