{"id":1031,"date":"2023-08-12T13:36:31","date_gmt":"2023-08-12T16:36:31","guid":{"rendered":"https:\/\/blog.geraiscafe.com.br\/?p=1031"},"modified":"2023-08-12T13:36:33","modified_gmt":"2023-08-12T16:36:33","slug":"por-que-minas-gerais-e-o-maior-produtor-de-cafe-do-mundo","status":"publish","type":"post","link":"https:\/\/blog.geraiscafe.com.br\/index.php\/2023\/08\/12\/por-que-minas-gerais-e-o-maior-produtor-de-cafe-do-mundo\/","title":{"rendered":"Por que Minas Gerais \u00e9 o Maior Produtor de Caf\u00e9 do Mundo?"},"content":{"rendered":"\n<p class=\"has-medium-font-size\">O estado de Minas Gerais, situado no cora\u00e7\u00e3o do Brasil, \u00e9 uma joia inestim\u00e1vel no mundo do caf\u00e9. Detentor de uma tradi\u00e7\u00e3o rica e robusta na produ\u00e7\u00e3o de caf\u00e9, Minas Gerais se destaca como o maior produtor de caf\u00e9, n\u00e3o apenas no Brasil, mas em todo o mundo. Mas por que esse estado brasileiro \u00e9 t\u00e3o especial? Vamos mergulhar na cultura, no clima e na dedica\u00e7\u00e3o que fazem de Minas Gerais um verdadeiro gigante no universo do caf\u00e9.<\/p>\n\n\n\n<figure class=\"wp-block-image size-large\"><img fetchpriority=\"high\" decoding=\"async\" width=\"1024\" height=\"574\" src=\"https:\/\/blog.geraiscafe.com.br\/wp-content\/uploads\/2023\/08\/magnum_alves_Minas_Gerais_has_a_tropical_highland_climate_that__6016d31d-827e-4614-8aa4-43ac3c11ef20-1024x574.png\" alt=\"\" class=\"wp-image-1032\" srcset=\"https:\/\/blog.geraiscafe.com.br\/wp-content\/uploads\/2023\/08\/magnum_alves_Minas_Gerais_has_a_tropical_highland_climate_that__6016d31d-827e-4614-8aa4-43ac3c11ef20-1024x574.png 1024w, https:\/\/blog.geraiscafe.com.br\/wp-content\/uploads\/2023\/08\/magnum_alves_Minas_Gerais_has_a_tropical_highland_climate_that__6016d31d-827e-4614-8aa4-43ac3c11ef20-300x168.png 300w, https:\/\/blog.geraiscafe.com.br\/wp-content\/uploads\/2023\/08\/magnum_alves_Minas_Gerais_has_a_tropical_highland_climate_that__6016d31d-827e-4614-8aa4-43ac3c11ef20-768x430.png 768w, https:\/\/blog.geraiscafe.com.br\/wp-content\/uploads\/2023\/08\/magnum_alves_Minas_Gerais_has_a_tropical_highland_climate_that__6016d31d-827e-4614-8aa4-43ac3c11ef20-750x420.png 750w, https:\/\/blog.geraiscafe.com.br\/wp-content\/uploads\/2023\/08\/magnum_alves_Minas_Gerais_has_a_tropical_highland_climate_that__6016d31d-827e-4614-8aa4-43ac3c11ef20-1140x639.png 1140w, https:\/\/blog.geraiscafe.com.br\/wp-content\/uploads\/2023\/08\/magnum_alves_Minas_Gerais_has_a_tropical_highland_climate_that__6016d31d-827e-4614-8aa4-43ac3c11ef20.png 1456w\" sizes=\"(max-width: 1024px) 100vw, 1024px\" \/><\/figure>\n\n\n\n<h2 class=\"wp-block-heading\"><strong>Clima Ideal<\/strong><\/h2>\n\n\n\n<p>Minas Gerais possui um clima tropical de altitude que \u00e9 excepcionalmente adequado para o cultivo de caf\u00e9. Com temperaturas moderadas, chuvas bem distribu\u00eddas e solos ricos em minerais, o estado oferece as condi\u00e7\u00f5es perfeitas para o florescimento dos gr\u00e3os de caf\u00e9. Isso contribui para uma colheita consistente e de alta qualidade ano ap\u00f3s ano.<\/p>\n\n\n\n<h2 class=\"wp-block-heading\"><strong>Tradi\u00e7\u00e3o e Experi\u00eancia<\/strong><\/h2>\n\n\n\n<p>A hist\u00f3ria do caf\u00e9 em Minas Gerais remonta ao s\u00e9culo XIX. Essa tradi\u00e7\u00e3o centen\u00e1ria confere aos produtores mineiros uma compreens\u00e3o profunda e uma habilidade \u00fanica na arte de cultivar caf\u00e9. Essa experi\u00eancia \u00e9 refletida em cada x\u00edcara, tornando os caf\u00e9s de Minas Gerais famosos por seus sabores distintos e aromas cativantes.<\/p>\n\n\n\n<h2 class=\"wp-block-heading\"><strong>Diversidade de Gr\u00e3os<\/strong><\/h2>\n\n\n\n<p>Com diversas regi\u00f5es produtoras como Sul de Minas, Cerrado Mineiro, e Mantiqueira de Minas, a variedade de gr\u00e3os produzidos \u00e9 vasta. Essa diversidade permite que os apreciadores de caf\u00e9 encontrem uma ampla gama de sabores, aromas e texturas, tornando a experi\u00eancia do caf\u00e9 mineiro verdadeiramente \u00fanica.<\/p>\n\n\n\n<h2 class=\"wp-block-heading\"><strong>Inova\u00e7\u00e3o e Sustentabilidade<\/strong><\/h2>\n\n\n\n<p>A ind\u00fastria cafeeira de Minas Gerais \u00e9 conhecida por sua inova\u00e7\u00e3o cont\u00ednua e pr\u00e1ticas sustent\u00e1veis. Com o uso de tecnologias modernas e abordagens ecol\u00f3gicas, os produtores garantem n\u00e3o apenas a qualidade dos gr\u00e3os, mas tamb\u00e9m a sustentabilidade de todo o ecossistema.<\/p>\n\n\n\n<h2 class=\"wp-block-heading\"><strong>Apoio Governamental e Associa\u00e7\u00f5es Locais<\/strong><\/h2>\n\n\n\n<p>O governo local e associa\u00e7\u00f5es de caf\u00e9 em Minas Gerais fornecem apoio substancial aos cafeicultores. Programas de treinamento, incentivos financeiros e promo\u00e7\u00e3o global ajudam os produtores a alcan\u00e7ar padr\u00f5es de excel\u00eancia e a competir no mercado internacional.<\/p>\n\n\n\n<h2 class=\"wp-block-heading\"><strong>Conclus\u00e3o<\/strong><\/h2>\n\n\n\n<p>Minas Gerais n\u00e3o \u00e9 apenas o maior produtor de caf\u00e9 do mundo por acaso. \u00c9 um t\u00edtulo conquistado atrav\u00e9s da combina\u00e7\u00e3o perfeita de clima, tradi\u00e7\u00e3o, diversidade, inova\u00e7\u00e3o e apoio. A paix\u00e3o e a dedica\u00e7\u00e3o dos produtores mineiros transformam o caf\u00e9 em uma experi\u00eancia inigual\u00e1vel, que \u00e9 celebrada em cada x\u00edcara em todo o mundo.<\/p>\n","protected":false},"excerpt":{"rendered":"<p>O estado de Minas Gerais, situado no cora\u00e7\u00e3o do Brasil, \u00e9 uma joia inestim\u00e1vel no mundo do caf\u00e9. Detentor de uma tradi\u00e7\u00e3o rica e robusta na produ\u00e7\u00e3o de caf\u00e9, Minas Gerais se destaca como o maior produtor de caf\u00e9, n\u00e3o apenas no Brasil, mas em todo o mundo. Mas por que esse estado brasileiro \u00e9 [&hellip;]<\/p>\n","protected":false},"author":1,"featured_media":1033,"comment_status":"open","ping_status":"open","sticky":false,"template":"","format":"standard","meta":{"content-type":"","footnotes":"","jnews-multi-image_gallery":[],"jnews_single_post":{"subtitle":"","format":"standard","video":"","gallery":"","source_name":"","source_url":"","via_name":"","via_url":"","override_template":"0","override":[{"template":"3","single_blog_custom":"","parallax":"1","fullscreen":"1","layout":"right-sidebar","sidebar":"sidebar-single-post","second_sidebar":"default-sidebar","sticky_sidebar":"1","share_position":"float","share_float_style":"share-monocrhome","show_share_counter":"1","show_view_counter":"1","show_featured":"1","show_post_meta":"1","show_post_author":"0","show_post_author_image":"0","show_post_date":"1","post_date_format":"default","post_date_format_custom":"Y\/m\/d","show_post_category":"1","show_post_reading_time":"1","post_reading_time_wpm":"300","show_zoom_button":"1","zoom_button_out_step":"2","zoom_button_in_step":"3","show_post_tag":"1","show_prev_next_post":"1","show_popup_post":"1","number_popup_post":"1","show_author_box":"0","show_post_related":"1","show_inline_post_related":"0"}],"override_image_size":"0","image_override":[{"single_post_thumbnail_size":"crop-500","single_post_gallery_size":"crop-500"}],"trending_post":"0","trending_post_position":"meta","trending_post_label":"Trending","sponsored_post":"0","sponsored_post_label":"Sponsored by","sponsored_post_name":"","sponsored_post_url":"","sponsored_post_logo_enable":"0","sponsored_post_logo":"","sponsored_post_desc":"","disable_ad":"0"},"jnews_primary_category":{"id":"","hide":""},"jnews_social_meta":{"fb_title":"","fb_description":"","fb_image":"","twitter_title":"","twitter_description":"","twitter_image":""},"jnews_override_counter":{"override_view_counter":"0","view_counter_number":"0","override_share_counter":"0","share_counter_number":"0","override_like_counter":"0","like_counter_number":"0","override_dislike_counter":"0","dislike_counter_number":"0"}},"categories":[98],"tags":[110,242,241,145],"_links":{"self":[{"href":"https:\/\/blog.geraiscafe.com.br\/index.php\/wp-json\/wp\/v2\/posts\/1031"}],"collection":[{"href":"https:\/\/blog.geraiscafe.com.br\/index.php\/wp-json\/wp\/v2\/posts"}],"about":[{"href":"https:\/\/blog.geraiscafe.com.br\/index.php\/wp-json\/wp\/v2\/types\/post"}],"author":[{"embeddable":true,"href":"https:\/\/blog.geraiscafe.com.br\/index.php\/wp-json\/wp\/v2\/users\/1"}],"replies":[{"embeddable":true,"href":"https:\/\/blog.geraiscafe.com.br\/index.php\/wp-json\/wp\/v2\/comments?post=1031"}],"version-history":[{"count":1,"href":"https:\/\/blog.geraiscafe.com.br\/index.php\/wp-json\/wp\/v2\/posts\/1031\/revisions"}],"predecessor-version":[{"id":1034,"href":"https:\/\/blog.geraiscafe.com.br\/index.php\/wp-json\/wp\/v2\/posts\/1031\/revisions\/1034"}],"wp:featuredmedia":[{"embeddable":true,"href":"https:\/\/blog.geraiscafe.com.br\/index.php\/wp-json\/wp\/v2\/media\/1033"}],"wp:attachment":[{"href":"https:\/\/blog.geraiscafe.com.br\/index.php\/wp-json\/wp\/v2\/media?parent=1031"}],"wp:term":[{"taxonomy":"category","embeddable":true,"href":"https:\/\/blog.geraiscafe.com.br\/index.php\/wp-json\/wp\/v2\/categories?post=1031"},{"taxonomy":"post_tag","embeddable":true,"href":"https:\/\/blog.geraiscafe.com.br\/index.php\/wp-json\/wp\/v2\/tags?post=1031"}],"curies":[{"name":"wp","href":"https:\/\/api.w.org\/{rel}","templated":true}]}}