{"id":1040,"date":"2023-08-14T06:30:00","date_gmt":"2023-08-14T09:30:00","guid":{"rendered":"https:\/\/blog.geraiscafe.com.br\/?p=1040"},"modified":"2023-08-13T19:25:58","modified_gmt":"2023-08-13T22:25:58","slug":"cafe-instantaneo-vs-moido-qual-escolher","status":"publish","type":"post","link":"https:\/\/blog.geraiscafe.com.br\/index.php\/2023\/08\/14\/cafe-instantaneo-vs-moido-qual-escolher\/","title":{"rendered":"Caf\u00e9 Instant\u00e2neo vs. Mo\u00eddo: Qual Escolher?"},"content":{"rendered":"\n<p class=\"has-medium-font-size\">O mundo do caf\u00e9 \u00e9 vasto e complexo. Cada x\u00edcara traz uma experi\u00eancia \u00fanica, e as op\u00e7\u00f5es dispon\u00edveis para os entusiastas do caf\u00e9 est\u00e3o sempre crescendo. Duas das op\u00e7\u00f5es mais populares s\u00e3o o caf\u00e9 instant\u00e2neo e o caf\u00e9 mo\u00eddo. Mas qual \u00e9 a melhor escolha? Neste artigo, vamos mergulhar na batalha entre o caf\u00e9 instant\u00e2neo e o caf\u00e9 mo\u00eddo, comparando sabor, conveni\u00eancia, pre\u00e7o e muito mais!<\/p>\n\n\n\n<figure class=\"wp-block-image size-large\"><img data-dominant-color=\"553221\" data-has-transparency=\"false\" style=\"--dominant-color: #553221;\" fetchpriority=\"high\" decoding=\"async\" width=\"1024\" height=\"574\" src=\"https:\/\/blog.geraiscafe.com.br\/wp-content\/uploads\/2023\/08\/magnum_alves_Instant_Coffee_Ground_coffee_3d_modeling_c2949568-8434-4fdc-810e-0076eae5cf6d-1024x574.png\" alt=\"\" class=\"not-transparent wp-image-1041\" srcset=\"https:\/\/blog.geraiscafe.com.br\/wp-content\/uploads\/2023\/08\/magnum_alves_Instant_Coffee_Ground_coffee_3d_modeling_c2949568-8434-4fdc-810e-0076eae5cf6d-1024x574.png 1024w, https:\/\/blog.geraiscafe.com.br\/wp-content\/uploads\/2023\/08\/magnum_alves_Instant_Coffee_Ground_coffee_3d_modeling_c2949568-8434-4fdc-810e-0076eae5cf6d-300x168.png 300w, https:\/\/blog.geraiscafe.com.br\/wp-content\/uploads\/2023\/08\/magnum_alves_Instant_Coffee_Ground_coffee_3d_modeling_c2949568-8434-4fdc-810e-0076eae5cf6d-768x430.png 768w, https:\/\/blog.geraiscafe.com.br\/wp-content\/uploads\/2023\/08\/magnum_alves_Instant_Coffee_Ground_coffee_3d_modeling_c2949568-8434-4fdc-810e-0076eae5cf6d-750x420.png 750w, https:\/\/blog.geraiscafe.com.br\/wp-content\/uploads\/2023\/08\/magnum_alves_Instant_Coffee_Ground_coffee_3d_modeling_c2949568-8434-4fdc-810e-0076eae5cf6d-1140x639.png 1140w, https:\/\/blog.geraiscafe.com.br\/wp-content\/uploads\/2023\/08\/magnum_alves_Instant_Coffee_Ground_coffee_3d_modeling_c2949568-8434-4fdc-810e-0076eae5cf6d.png 1456w\" sizes=\"(max-width: 1024px) 100vw, 1024px\" \/><\/figure>\n\n\n\n<h2 class=\"wp-block-heading\">Sabor: Uma Experi\u00eancia \u00danica<\/h2>\n\n\n\n<p><strong>Caf\u00e9 Instant\u00e2neo<\/strong>:<\/p>\n\n\n\n<ul>\n<li><strong>Sabor<\/strong>: Pode ser mais suave e menos distinto.<\/li>\n\n\n\n<li><strong>Preparo<\/strong>: F\u00e1cil e r\u00e1pido, perfeito para quem est\u00e1 com pressa.<\/li>\n<\/ul>\n\n\n\n<p><strong>Caf\u00e9 Mo\u00eddo<\/strong>:<\/p>\n\n\n\n<ul>\n<li><strong>Sabor<\/strong>: Geralmente mais rico e robusto, com um perfil de sabor mais complexo.<\/li>\n\n\n\n<li><strong>Preparo<\/strong>: Requer mais tempo e habilidade, ideal para os verdadeiros apreciadores de caf\u00e9.<\/li>\n<\/ul>\n\n\n\n<h2 class=\"wp-block-heading\">Conveni\u00eancia: Instant\u00e2neo vs. Tradicional<\/h2>\n\n\n\n<ul>\n<li><strong>Caf\u00e9 Instant\u00e2neo<\/strong>: A op\u00e7\u00e3o perfeita para quem busca rapidez. Simplesmente adicione \u00e1gua quente, e sua bebida estar\u00e1 pronta em segundos!<\/li>\n\n\n\n<li><strong>Caf\u00e9 Mo\u00eddo<\/strong>: Requer equipamento como uma cafeteira ou prensa francesa, al\u00e9m de mais tempo para preparo.<\/li>\n<\/ul>\n\n\n\n<h2 class=\"wp-block-heading\">Pre\u00e7o: Economia vs. Qualidade<\/h2>\n\n\n\n<ul>\n<li><strong>af\u00e9 Instant\u00e2neo<\/strong>: Geralmente mais acess\u00edvel, sendo uma \u00f3tima op\u00e7\u00e3o para quem busca economia.<\/li>\n\n\n\n<li><strong>Caf\u00e9 Mo\u00eddo<\/strong>: Pode ser mais caro, refletindo a qualidade dos gr\u00e3os e o processo de torrefa\u00e7\u00e3o.<\/li>\n<\/ul>\n\n\n\n<h2 class=\"wp-block-heading\">Sustentabilidade e Impacto Ambiental<\/h2>\n\n\n\n<p>Ao escolher entre caf\u00e9 instant\u00e2neo e mo\u00eddo, considere tamb\u00e9m o impacto ambiental. Algumas marcas de caf\u00e9 mo\u00eddo focam em pr\u00e1ticas sustent\u00e1veis, oferecendo op\u00e7\u00f5es org\u00e2nicas e com\u00e9rcio justo.<\/p>\n\n\n\n<h2 class=\"wp-block-heading\">Conclus\u00e3o: Qual Escolher?<\/h2>\n\n\n\n<p>A escolha entre caf\u00e9 instant\u00e2neo e mo\u00eddo depender\u00e1 de suas prefer\u00eancias individuais, estilo de vida, e or\u00e7amento. Para um sabor mais sofisticado e experi\u00eancia completa, o caf\u00e9 mo\u00eddo pode ser a escolha ideal. Para quem busca conveni\u00eancia e economia, o caf\u00e9 instant\u00e2neo \u00e9 uma excelente op\u00e7\u00e3o.<\/p>\n\n\n\n<p>Ambos t\u00eam seu lugar no cora\u00e7\u00e3o dos amantes de caf\u00e9, e a melhor parte \u00e9 que voc\u00ea n\u00e3o precisa escolher apenas um! Experimente ambos e descubra qual se adapta melhor ao seu paladar.<\/p>\n","protected":false},"excerpt":{"rendered":"<p>O mundo do caf\u00e9 \u00e9 vasto e complexo. Cada x\u00edcara traz uma experi\u00eancia \u00fanica, e as op\u00e7\u00f5es dispon\u00edveis para os entusiastas do caf\u00e9 est\u00e3o sempre crescendo. Duas das op\u00e7\u00f5es mais populares s\u00e3o o caf\u00e9 instant\u00e2neo e o caf\u00e9 mo\u00eddo. Mas qual \u00e9 a melhor escolha? Neste artigo, vamos mergulhar na batalha entre o caf\u00e9 instant\u00e2neo [&hellip;]<\/p>\n","protected":false},"author":1,"featured_media":1042,"comment_status":"open","ping_status":"open","sticky":false,"template":"","format":"standard","meta":{"content-type":"","footnotes":"","jnews-multi-image_gallery":[],"jnews_single_post":{"subtitle":"","format":"standard","video":"","gallery":"","source_name":"","source_url":"","via_name":"","via_url":"","override_template":"0","override":[{"template":"3","single_blog_custom":"","parallax":"1","fullscreen":"1","layout":"right-sidebar","sidebar":"sidebar-single-post","second_sidebar":"default-sidebar","sticky_sidebar":"1","share_position":"float","share_float_style":"share-monocrhome","show_share_counter":"1","show_view_counter":"1","show_featured":"1","show_post_meta":"1","show_post_author":"0","show_post_author_image":"0","show_post_date":"1","post_date_format":"default","post_date_format_custom":"Y\/m\/d","show_post_category":"1","show_post_reading_time":"1","post_reading_time_wpm":"300","show_zoom_button":"1","zoom_button_out_step":"2","zoom_button_in_step":"3","show_post_tag":"1","show_prev_next_post":"1","show_popup_post":"1","number_popup_post":"1","show_author_box":"0","show_post_related":"1","show_inline_post_related":"0"}],"override_image_size":"0","image_override":[{"single_post_thumbnail_size":"crop-500","single_post_gallery_size":"crop-500"}],"trending_post":"0","trending_post_position":"meta","trending_post_label":"Trending","sponsored_post":"0","sponsored_post_label":"Sponsored by","sponsored_post_name":"","sponsored_post_url":"","sponsored_post_logo_enable":"0","sponsored_post_logo":"","sponsored_post_desc":"","disable_ad":"0"},"jnews_primary_category":{"id":"","hide":""},"jnews_social_meta":{"fb_title":"","fb_description":"","fb_image":"","twitter_title":"","twitter_description":"","twitter_image":""},"jnews_override_counter":{"override_view_counter":"0","view_counter_number":"0","override_share_counter":"0","share_counter_number":"0","override_like_counter":"0","like_counter_number":"0","override_dislike_counter":"0","dislike_counter_number":"0"}},"categories":[98,100],"tags":[238,251,252,254,255,253,194],"_links":{"self":[{"href":"https:\/\/blog.geraiscafe.com.br\/index.php\/wp-json\/wp\/v2\/posts\/1040"}],"collection":[{"href":"https:\/\/blog.geraiscafe.com.br\/index.php\/wp-json\/wp\/v2\/posts"}],"about":[{"href":"https:\/\/blog.geraiscafe.com.br\/index.php\/wp-json\/wp\/v2\/types\/post"}],"author":[{"embeddable":true,"href":"https:\/\/blog.geraiscafe.com.br\/index.php\/wp-json\/wp\/v2\/users\/1"}],"replies":[{"embeddable":true,"href":"https:\/\/blog.geraiscafe.com.br\/index.php\/wp-json\/wp\/v2\/comments?post=1040"}],"version-history":[{"count":1,"href":"https:\/\/blog.geraiscafe.com.br\/index.php\/wp-json\/wp\/v2\/posts\/1040\/revisions"}],"predecessor-version":[{"id":1043,"href":"https:\/\/blog.geraiscafe.com.br\/index.php\/wp-json\/wp\/v2\/posts\/1040\/revisions\/1043"}],"wp:featuredmedia":[{"embeddable":true,"href":"https:\/\/blog.geraiscafe.com.br\/index.php\/wp-json\/wp\/v2\/media\/1042"}],"wp:attachment":[{"href":"https:\/\/blog.geraiscafe.com.br\/index.php\/wp-json\/wp\/v2\/media?parent=1040"}],"wp:term":[{"taxonomy":"category","embeddable":true,"href":"https:\/\/blog.geraiscafe.com.br\/index.php\/wp-json\/wp\/v2\/categories?post=1040"},{"taxonomy":"post_tag","embeddable":true,"href":"https:\/\/blog.geraiscafe.com.br\/index.php\/wp-json\/wp\/v2\/tags?post=1040"}],"curies":[{"name":"wp","href":"https:\/\/api.w.org\/{rel}","templated":true}]}}