{"id":1047,"date":"2023-08-15T06:43:00","date_gmt":"2023-08-15T09:43:00","guid":{"rendered":"https:\/\/blog.geraiscafe.com.br\/?p=1047"},"modified":"2023-08-14T21:00:27","modified_gmt":"2023-08-15T00:00:27","slug":"decifrando-o-rotulo-de-uma-embalagem-de-cafe","status":"publish","type":"post","link":"https:\/\/blog.geraiscafe.com.br\/index.php\/2023\/08\/15\/decifrando-o-rotulo-de-uma-embalagem-de-cafe\/","title":{"rendered":"Decifrando o R\u00f3tulo de uma Embalagem de Caf\u00e9"},"content":{"rendered":"\n<p class=\"has-medium-font-size\">O mundo do caf\u00e9 \u00e9 repleto de sabores, aromas e texturas \u00fanicos. Mas voc\u00ea j\u00e1 parou para olhar o r\u00f3tulo de uma embalagem de caf\u00e9? Esse pequeno peda\u00e7o de papel cont\u00e9m informa\u00e7\u00f5es valiosas que podem lhe dizer muito sobre o que voc\u00ea est\u00e1 prestes a saborear. Neste artigo, vamos desvendar os segredos por tr\u00e1s do r\u00f3tulo de uma embalagem de caf\u00e9 especial!<\/p>\n\n\n\n<h2 class=\"wp-block-heading\">1. <strong>Tipo de Gr\u00e3o: Ar\u00e1bica ou Robusta?<\/strong><\/h2>\n\n\n\n<p>A maioria das embalagens indicar\u00e1 se o caf\u00e9 \u00e9 feito de gr\u00e3os Ar\u00e1bica ou Robusta. Os gr\u00e3os Ar\u00e1bica s\u00e3o geralmente mais suaves e t\u00eam um sabor mais refinado, enquanto os gr\u00e3os Robusta s\u00e3o mais fortes e encorpados.<\/p>\n\n\n\n<figure class=\"wp-block-image size-large\"><img data-dominant-color=\"3e3331\" data-has-transparency=\"false\" style=\"--dominant-color: #3e3331;\" fetchpriority=\"high\" decoding=\"async\" width=\"1024\" height=\"574\" src=\"https:\/\/blog.geraiscafe.com.br\/wp-content\/uploads\/2023\/08\/magnum_alves_Deciphering_the_Label_of_a_Coffee_PackageType_of_B_bc0b73e1-19e4-4914-8840-05f892024485-1024x574.png\" alt=\"\" class=\"not-transparent wp-image-1048\" srcset=\"https:\/\/blog.geraiscafe.com.br\/wp-content\/uploads\/2023\/08\/magnum_alves_Deciphering_the_Label_of_a_Coffee_PackageType_of_B_bc0b73e1-19e4-4914-8840-05f892024485-1024x574.png 1024w, https:\/\/blog.geraiscafe.com.br\/wp-content\/uploads\/2023\/08\/magnum_alves_Deciphering_the_Label_of_a_Coffee_PackageType_of_B_bc0b73e1-19e4-4914-8840-05f892024485-300x168.png 300w, https:\/\/blog.geraiscafe.com.br\/wp-content\/uploads\/2023\/08\/magnum_alves_Deciphering_the_Label_of_a_Coffee_PackageType_of_B_bc0b73e1-19e4-4914-8840-05f892024485-768x430.png 768w, https:\/\/blog.geraiscafe.com.br\/wp-content\/uploads\/2023\/08\/magnum_alves_Deciphering_the_Label_of_a_Coffee_PackageType_of_B_bc0b73e1-19e4-4914-8840-05f892024485-750x420.png 750w, https:\/\/blog.geraiscafe.com.br\/wp-content\/uploads\/2023\/08\/magnum_alves_Deciphering_the_Label_of_a_Coffee_PackageType_of_B_bc0b73e1-19e4-4914-8840-05f892024485-1140x639.png 1140w, https:\/\/blog.geraiscafe.com.br\/wp-content\/uploads\/2023\/08\/magnum_alves_Deciphering_the_Label_of_a_Coffee_PackageType_of_B_bc0b73e1-19e4-4914-8840-05f892024485.png 1456w\" sizes=\"(max-width: 1024px) 100vw, 1024px\" \/><\/figure>\n\n\n\n<h2 class=\"wp-block-heading\">2. <strong>Origem: De Onde Vem o Caf\u00e9?<\/strong><\/h2>\n\n\n\n<p>A origem do caf\u00e9 pode dizer muito sobre o seu sabor. Seja da Eti\u00f3pia, Brasil, Col\u00f4mbia ou Vietn\u00e3, cada regi\u00e3o tem seu pr\u00f3prio perfil de sabor distinto.<\/p>\n\n\n\n<h2 class=\"wp-block-heading\">3. <strong>Certifica\u00e7\u00f5es: \u00c9 Org\u00e2nico ou Fair Trade?<\/strong><\/h2>\n\n\n\n<p>As certifica\u00e7\u00f5es no r\u00f3tulo podem indicar se o caf\u00e9 foi produzido de maneira \u00e9tica e sustent\u00e1vel. Procure por selos como Fair Trade ou Org\u00e2nico para garantir que voc\u00ea est\u00e1 apoiando pr\u00e1ticas respons\u00e1veis.<\/p>\n\n\n\n<h2 class=\"wp-block-heading\">4. <strong>Data de Torra: Qu\u00e3o Fresco \u00e9 o Caf\u00e9?<\/strong><\/h2>\n\n\n\n<p>A data de torra \u00e9 crucial para entender o frescor do caf\u00e9. Um caf\u00e9 torrado recentemente ter\u00e1 sabores mais vivos e complexos.<\/p>\n\n\n\n<h2 class=\"wp-block-heading\">5. <strong>Informa\u00e7\u00f5es Nutricionais e Al\u00e9rgenos<\/strong><\/h2>\n\n\n\n<p>Algumas embalagens fornecem informa\u00e7\u00f5es detalhadas sobre calorias, ingredientes e poss\u00edveis al\u00e9rgenos. Isso \u00e9 especialmente importante para quem tem necessidades diet\u00e9ticas espec\u00edficas.<\/p>\n\n\n\n<h2 class=\"wp-block-heading\">6. <strong>Notas de Sabor e Perfil de Torra<\/strong><\/h2>\n\n\n\n<p>Aqui est\u00e1 a parte emocionante! Muitos r\u00f3tulos de caf\u00e9s especiais incluir\u00e3o notas de sabor e informa\u00e7\u00f5es sobre o perfil de torra. Isso pode ajudar voc\u00ea a escolher um caf\u00e9 que se alinhe com suas prefer\u00eancias de sabor.<\/p>\n\n\n\n<h2 class=\"wp-block-heading\">Conclus\u00e3o<\/h2>\n\n\n\n<p>A pr\u00f3xima vez que voc\u00ea pegar uma embalagem de caf\u00e9, d\u00ea uma olhada mais de perto no r\u00f3tulo. As informa\u00e7\u00f5es contidas ali s\u00e3o mais do que apenas letras e n\u00fameros; s\u00e3o uma janela para a alma do caf\u00e9 que voc\u00ea est\u00e1 prestes a desfrutar.<\/p>\n\n\n\n<p>Decifre, saboreie e aventure-se no emocionante mundo dos caf\u00e9s especiais!<\/p>\n","protected":false},"excerpt":{"rendered":"<p>Imagem Ilustrativa desenvolvida por IA<\/p>\n","protected":false},"author":1,"featured_media":1049,"comment_status":"open","ping_status":"open","sticky":false,"template":"","format":"standard","meta":{"content-type":"","footnotes":"","jnews-multi-image_gallery":[],"jnews_single_post":{"subtitle":"","format":"standard","video":"","gallery":"","source_name":"","source_url":"","via_name":"","via_url":"","override_template":"0","override":[{"template":"3","single_blog_custom":"","parallax":"1","fullscreen":"1","layout":"right-sidebar","sidebar":"sidebar-single-post","second_sidebar":"default-sidebar","sticky_sidebar":"1","share_position":"float","share_float_style":"share-monocrhome","show_share_counter":"1","show_view_counter":"1","show_featured":"1","show_post_meta":"1","show_post_author":"1","show_post_author_image":"1","show_post_date":"1","post_date_format":"default","post_date_format_custom":"Y\/m\/d","show_post_category":"1","show_post_reading_time":"1","post_reading_time_wpm":"300","show_zoom_button":"1","zoom_button_out_step":"2","zoom_button_in_step":"3","show_post_tag":"1","show_prev_next_post":"1","show_popup_post":"1","number_popup_post":"1","show_author_box":"1","show_post_related":"1","show_inline_post_related":"0"}],"override_image_size":"0","image_override":[{"single_post_thumbnail_size":"crop-500","single_post_gallery_size":"crop-500"}],"trending_post":"0","trending_post_position":"meta","trending_post_label":"Trending","sponsored_post":"0","sponsored_post_label":"Sponsored by","sponsored_post_name":"","sponsored_post_url":"","sponsored_post_logo_enable":"0","sponsored_post_logo":"","sponsored_post_desc":"","disable_ad":"0"},"jnews_primary_category":{"id":"","hide":""},"jnews_social_meta":{"fb_title":"","fb_description":"","fb_image":"","twitter_title":"","twitter_description":"","twitter_image":""},"jnews_override_counter":{"override_view_counter":"0","view_counter_number":"0","override_share_counter":"0","share_counter_number":"0","override_like_counter":"0","like_counter_number":"0","override_dislike_counter":"0","dislike_counter_number":"0"}},"categories":[98,101],"tags":[137,257,260,261,256,259,138,258],"_links":{"self":[{"href":"https:\/\/blog.geraiscafe.com.br\/index.php\/wp-json\/wp\/v2\/posts\/1047"}],"collection":[{"href":"https:\/\/blog.geraiscafe.com.br\/index.php\/wp-json\/wp\/v2\/posts"}],"about":[{"href":"https:\/\/blog.geraiscafe.com.br\/index.php\/wp-json\/wp\/v2\/types\/post"}],"author":[{"embeddable":true,"href":"https:\/\/blog.geraiscafe.com.br\/index.php\/wp-json\/wp\/v2\/users\/1"}],"replies":[{"embeddable":true,"href":"https:\/\/blog.geraiscafe.com.br\/index.php\/wp-json\/wp\/v2\/comments?post=1047"}],"version-history":[{"count":1,"href":"https:\/\/blog.geraiscafe.com.br\/index.php\/wp-json\/wp\/v2\/posts\/1047\/revisions"}],"predecessor-version":[{"id":1050,"href":"https:\/\/blog.geraiscafe.com.br\/index.php\/wp-json\/wp\/v2\/posts\/1047\/revisions\/1050"}],"wp:featuredmedia":[{"embeddable":true,"href":"https:\/\/blog.geraiscafe.com.br\/index.php\/wp-json\/wp\/v2\/media\/1049"}],"wp:attachment":[{"href":"https:\/\/blog.geraiscafe.com.br\/index.php\/wp-json\/wp\/v2\/media?parent=1047"}],"wp:term":[{"taxonomy":"category","embeddable":true,"href":"https:\/\/blog.geraiscafe.com.br\/index.php\/wp-json\/wp\/v2\/categories?post=1047"},{"taxonomy":"post_tag","embeddable":true,"href":"https:\/\/blog.geraiscafe.com.br\/index.php\/wp-json\/wp\/v2\/tags?post=1047"}],"curies":[{"name":"wp","href":"https:\/\/api.w.org\/{rel}","templated":true}]}}