{"id":1052,"date":"2023-08-20T18:14:20","date_gmt":"2023-08-20T21:14:20","guid":{"rendered":"https:\/\/blog.geraiscafe.com.br\/?p=1052"},"modified":"2023-08-20T18:14:22","modified_gmt":"2023-08-20T21:14:22","slug":"o-futuro-do-cafe-tendencias-e-inovacoes","status":"publish","type":"post","link":"https:\/\/blog.geraiscafe.com.br\/index.php\/2023\/08\/20\/o-futuro-do-cafe-tendencias-e-inovacoes\/","title":{"rendered":"O Futuro do Caf\u00e9: Tend\u00eancias e Inova\u00e7\u00f5es"},"content":{"rendered":"\n<p class=\"has-medium-font-size\">A cultura do caf\u00e9, uma das mais tradicionais do Brasil e do mundo, est\u00e1 em constante evolu\u00e7\u00e3o. Neste artigo, exploraremos as tend\u00eancias e inova\u00e7\u00f5es que est\u00e3o moldando o futuro do caf\u00e9, desde o campo at\u00e9 a x\u00edcara.<\/p>\n\n\n\n<h2 class=\"wp-block-heading\">1. Tecnologia no Campo<\/h2>\n\n\n\n<h4 class=\"wp-block-heading\">1.1 Agricultura de Precis\u00e3o<\/h4>\n\n\n\n<p>A <strong>agricultura de precis\u00e3o<\/strong> emprega sensores e algoritmos avan\u00e7ados para otimizar o uso de \u00e1gua, fertilizantes e outros insumos. Isso melhora a efici\u00eancia da produ\u00e7\u00e3o e minimiza o impacto ambiental.<\/p>\n\n\n\n<h4 class=\"wp-block-heading\">1.2 Drones e Rob\u00f3tica<\/h4>\n\n\n\n<p>O uso de <strong>drones<\/strong> para monitorar as lavouras permite aos cafeicultores detectar rapidamente doen\u00e7as e pragas. A <strong>rob\u00f3tica<\/strong>, por sua vez, est\u00e1 sendo aplicada para automatizar tarefas como a colheita, economizando tempo e m\u00e3o de obra.<\/p>\n\n\n\n<h2 class=\"wp-block-heading\">2. Sustentabilidade<\/h2>\n\n\n\n<h4 class=\"wp-block-heading\">2.1 Certifica\u00e7\u00f5es e Com\u00e9rcio Justo<\/h4>\n\n\n\n<p>A demanda por <strong>caf\u00e9s sustent\u00e1veis<\/strong> est\u00e1 crescendo. Selos e certifica\u00e7\u00f5es, como Fair Trade e Rainforest Alliance, garantem pr\u00e1ticas \u00e9ticas e ambientalmente corretas.<\/p>\n\n\n\n<h4 class=\"wp-block-heading\">2.2 Energia Renov\u00e1vel<\/h4>\n\n\n\n<p>A ado\u00e7\u00e3o de <strong>energia solar<\/strong> e outras fontes renov\u00e1veis est\u00e1 ajudando a reduzir a pegada de carbono na produ\u00e7\u00e3o de caf\u00e9.<\/p>\n\n\n\n<h2 class=\"wp-block-heading\">3. Inova\u00e7\u00f5es na X\u00edcara<\/h2>\n\n\n\n<h4 class=\"wp-block-heading\">3.1 Novos M\u00e9todos de Preparo<\/h4>\n\n\n\n<p>O surgimento de <strong>novas t\u00e9cnicas de preparo<\/strong> est\u00e1 enriquecendo a experi\u00eancia dos amantes de caf\u00e9. O uso de m\u00e9todos como V60, Aeropress, e sif\u00e3o japon\u00eas permite explorar sabores e aromas \u00fanicos.<\/p>\n\n\n\n<h4 class=\"wp-block-heading\">3.2 Caf\u00e9s Especiais<\/h4>\n\n\n\n<p>Os <strong>caf\u00e9s especiais<\/strong>, cultivados em terroirs espec\u00edficos e processados com t\u00e9cnicas artesanais, est\u00e3o ganhando destaque. Esses caf\u00e9s oferecem sabores distintos e complexos, conquistando um p\u00fablico cada vez maior.<\/p>\n\n\n\n<figure class=\"wp-block-image size-large\"><img data-dominant-color=\"565033\" data-has-transparency=\"false\" style=\"--dominant-color: #565033;\" fetchpriority=\"high\" decoding=\"async\" width=\"1024\" height=\"574\" src=\"https:\/\/blog.geraiscafe.com.br\/wp-content\/uploads\/2023\/08\/magnum_alves_coffee_farm_Drones_and_Robotics_The_Future_of_Coff_0953a9c0-d40a-4368-baaf-4c8e748c2dcf-1024x574.png\" alt=\"\" class=\"not-transparent wp-image-1053\" srcset=\"https:\/\/blog.geraiscafe.com.br\/wp-content\/uploads\/2023\/08\/magnum_alves_coffee_farm_Drones_and_Robotics_The_Future_of_Coff_0953a9c0-d40a-4368-baaf-4c8e748c2dcf-1024x574.png 1024w, https:\/\/blog.geraiscafe.com.br\/wp-content\/uploads\/2023\/08\/magnum_alves_coffee_farm_Drones_and_Robotics_The_Future_of_Coff_0953a9c0-d40a-4368-baaf-4c8e748c2dcf-300x168.png 300w, https:\/\/blog.geraiscafe.com.br\/wp-content\/uploads\/2023\/08\/magnum_alves_coffee_farm_Drones_and_Robotics_The_Future_of_Coff_0953a9c0-d40a-4368-baaf-4c8e748c2dcf-768x430.png 768w, https:\/\/blog.geraiscafe.com.br\/wp-content\/uploads\/2023\/08\/magnum_alves_coffee_farm_Drones_and_Robotics_The_Future_of_Coff_0953a9c0-d40a-4368-baaf-4c8e748c2dcf-750x420.png 750w, https:\/\/blog.geraiscafe.com.br\/wp-content\/uploads\/2023\/08\/magnum_alves_coffee_farm_Drones_and_Robotics_The_Future_of_Coff_0953a9c0-d40a-4368-baaf-4c8e748c2dcf-1140x639.png 1140w, https:\/\/blog.geraiscafe.com.br\/wp-content\/uploads\/2023\/08\/magnum_alves_coffee_farm_Drones_and_Robotics_The_Future_of_Coff_0953a9c0-d40a-4368-baaf-4c8e748c2dcf.png 1456w\" sizes=\"(max-width: 1024px) 100vw, 1024px\" \/><\/figure>\n\n\n\n<h2 class=\"wp-block-heading\">Conclus\u00e3o<\/h2>\n\n\n\n<p>O futuro do caf\u00e9 \u00e9 empolgante e repleto de possibilidades. A combina\u00e7\u00e3o de tecnologia, sustentabilidade e inova\u00e7\u00e3o est\u00e1 revolucionando a ind\u00fastria, criando novas oportunidades e desafios. Para os entusiastas do caf\u00e9, isso significa mais op\u00e7\u00f5es, mais sabores, e mais maneiras de se conectar com a bebida que amamos.<\/p>\n","protected":false},"excerpt":{"rendered":"<p>A cultura do caf\u00e9, uma das mais tradicionais do Brasil e do mundo, est\u00e1 em constante evolu\u00e7\u00e3o. Neste artigo, exploraremos as tend\u00eancias e inova\u00e7\u00f5es que est\u00e3o moldando o futuro do caf\u00e9, desde o campo at\u00e9 a x\u00edcara. 1. Tecnologia no Campo 1.1 Agricultura de Precis\u00e3o A agricultura de precis\u00e3o emprega sensores e algoritmos avan\u00e7ados para [&hellip;]<\/p>\n","protected":false},"author":1,"featured_media":1054,"comment_status":"open","ping_status":"open","sticky":false,"template":"","format":"standard","meta":{"content-type":"","footnotes":"","jnews-multi-image_gallery":[],"jnews_single_post":{"subtitle":"","format":"standard","video":"","gallery":"","source_name":"","source_url":"","via_name":"","via_url":"","override_template":"0","override":[{"template":"3","single_blog_custom":"","parallax":"1","fullscreen":"1","layout":"right-sidebar","sidebar":"sidebar-single-post","second_sidebar":"default-sidebar","sticky_sidebar":"1","share_position":"float","share_float_style":"share-monocrhome","show_share_counter":"1","show_view_counter":"1","show_featured":"1","show_post_meta":"1","show_post_author":"1","show_post_author_image":"1","show_post_date":"1","post_date_format":"default","post_date_format_custom":"Y\/m\/d","show_post_category":"1","show_post_reading_time":"1","post_reading_time_wpm":"300","show_zoom_button":"1","zoom_button_out_step":"2","zoom_button_in_step":"3","show_post_tag":"1","show_prev_next_post":"1","show_popup_post":"1","number_popup_post":"1","show_author_box":"1","show_post_related":"1","show_inline_post_related":"0"}],"override_image_size":"0","image_override":[{"single_post_thumbnail_size":"crop-500","single_post_gallery_size":"crop-500"}],"trending_post":"0","trending_post_position":"meta","trending_post_label":"Trending","sponsored_post":"0","sponsored_post_label":"Sponsored by","sponsored_post_name":"","sponsored_post_url":"","sponsored_post_logo_enable":"0","sponsored_post_logo":"","sponsored_post_desc":"","disable_ad":"0"},"jnews_primary_category":{"id":"","hide":""},"jnews_social_meta":{"fb_title":"","fb_description":"","fb_image":"","twitter_title":"","twitter_description":"","twitter_image":""},"jnews_override_counter":{"override_view_counter":"0","view_counter_number":"0","override_share_counter":"0","share_counter_number":"0","override_like_counter":"0","like_counter_number":"0","override_dislike_counter":"0","dislike_counter_number":"0"}},"categories":[98],"tags":[265,192,264,270,263,267,268,269,194,266],"_links":{"self":[{"href":"https:\/\/blog.geraiscafe.com.br\/index.php\/wp-json\/wp\/v2\/posts\/1052"}],"collection":[{"href":"https:\/\/blog.geraiscafe.com.br\/index.php\/wp-json\/wp\/v2\/posts"}],"about":[{"href":"https:\/\/blog.geraiscafe.com.br\/index.php\/wp-json\/wp\/v2\/types\/post"}],"author":[{"embeddable":true,"href":"https:\/\/blog.geraiscafe.com.br\/index.php\/wp-json\/wp\/v2\/users\/1"}],"replies":[{"embeddable":true,"href":"https:\/\/blog.geraiscafe.com.br\/index.php\/wp-json\/wp\/v2\/comments?post=1052"}],"version-history":[{"count":1,"href":"https:\/\/blog.geraiscafe.com.br\/index.php\/wp-json\/wp\/v2\/posts\/1052\/revisions"}],"predecessor-version":[{"id":1055,"href":"https:\/\/blog.geraiscafe.com.br\/index.php\/wp-json\/wp\/v2\/posts\/1052\/revisions\/1055"}],"wp:featuredmedia":[{"embeddable":true,"href":"https:\/\/blog.geraiscafe.com.br\/index.php\/wp-json\/wp\/v2\/media\/1054"}],"wp:attachment":[{"href":"https:\/\/blog.geraiscafe.com.br\/index.php\/wp-json\/wp\/v2\/media?parent=1052"}],"wp:term":[{"taxonomy":"category","embeddable":true,"href":"https:\/\/blog.geraiscafe.com.br\/index.php\/wp-json\/wp\/v2\/categories?post=1052"},{"taxonomy":"post_tag","embeddable":true,"href":"https:\/\/blog.geraiscafe.com.br\/index.php\/wp-json\/wp\/v2\/tags?post=1052"}],"curies":[{"name":"wp","href":"https:\/\/api.w.org\/{rel}","templated":true}]}}