{"id":1057,"date":"2023-08-21T06:00:00","date_gmt":"2023-08-21T09:00:00","guid":{"rendered":"https:\/\/blog.geraiscafe.com.br\/?p=1057"},"modified":"2023-08-20T19:22:00","modified_gmt":"2023-08-20T22:22:00","slug":"a-cultura-do-cafe-em-diferentes-paises-uma-jornada-sensorial","status":"publish","type":"post","link":"https:\/\/blog.geraiscafe.com.br\/index.php\/2023\/08\/21\/a-cultura-do-cafe-em-diferentes-paises-uma-jornada-sensorial\/","title":{"rendered":"A Cultura do Caf\u00e9 em Diferentes Pa\u00edses: Uma Jornada Sensorial"},"content":{"rendered":"\n<p class=\"has-medium-font-size\">Quem nunca foi envolvido pelo aroma inebriante de uma x\u00edcara de caf\u00e9 fresco? \u00c9 mais do que uma bebida; \u00e9 uma experi\u00eancia cultural e sensorial que transcende fronteiras. A cultura do caf\u00e9 varia dramaticamente de pa\u00eds para pa\u00eds, e cada tradi\u00e7\u00e3o \u00fanica conta uma hist\u00f3ria. Embarque conosco nesta viagem gourmet pela cultura do caf\u00e9 em diferentes pa\u00edses.<\/p>\n\n\n\n<figure class=\"wp-block-image size-large\"><img data-dominant-color=\"b99576\" data-has-transparency=\"false\" style=\"--dominant-color: #b99576;\" fetchpriority=\"high\" decoding=\"async\" width=\"1024\" height=\"574\" src=\"https:\/\/blog.geraiscafe.com.br\/wp-content\/uploads\/2023\/08\/post-21-08-23-3-1024x574.webp\" alt=\"\" class=\"not-transparent wp-image-1058\" srcset=\"https:\/\/blog.geraiscafe.com.br\/wp-content\/uploads\/2023\/08\/post-21-08-23-3-1024x574.webp 1024w, https:\/\/blog.geraiscafe.com.br\/wp-content\/uploads\/2023\/08\/post-21-08-23-3-300x168.webp 300w, https:\/\/blog.geraiscafe.com.br\/wp-content\/uploads\/2023\/08\/post-21-08-23-3-768x430.webp 768w, https:\/\/blog.geraiscafe.com.br\/wp-content\/uploads\/2023\/08\/post-21-08-23-3-750x420.webp 750w, https:\/\/blog.geraiscafe.com.br\/wp-content\/uploads\/2023\/08\/post-21-08-23-3-1140x639.webp 1140w, https:\/\/blog.geraiscafe.com.br\/wp-content\/uploads\/2023\/08\/post-21-08-23-3-jpg.webp 1456w\" sizes=\"(max-width: 1024px) 100vw, 1024px\" \/><\/figure>\n\n\n\n<h2 class=\"wp-block-heading\">It\u00e1lia: A Arte do Espresso<\/h2>\n\n\n\n<p>Nas ruas movimentadas de Roma, o caf\u00e9 \u00e9 sin\u00f4nimo de estilo de vida. Os italianos criaram o <strong>espresso<\/strong>, uma x\u00edcara de caf\u00e9 forte e deliciosa. Aqui, o caf\u00e9 \u00e9 uma experi\u00eancia compartilhada, uma pausa no dia para conectar-se com amigos e fam\u00edlia.<\/p>\n\n\n\n<h2 class=\"wp-block-heading\">Brasil: O Cora\u00e7\u00e3o Verde do Caf\u00e9<\/h2>\n\n\n\n<p>O Brasil \u00e9 o maior produtor de caf\u00e9 do mundo. A cultura do caf\u00e9 \u00e9 uma parte vital da identidade nacional, com os fazendeiros produzindo algumas das melhores variedades de caf\u00e9 especial. No cora\u00e7\u00e3o de Minas Gerais, encontramos uma paix\u00e3o pelo caf\u00e9 que \u00e9 quase palp\u00e1vel.<\/p>\n\n\n\n<h2 class=\"wp-block-heading\">Eti\u00f3pia: O Ber\u00e7o do Caf\u00e9<\/h2>\n\n\n\n<p>A Eti\u00f3pia \u00e9 frequentemente citada como o ber\u00e7o do caf\u00e9. Aqui, o ritual do caf\u00e9 \u00e9 uma cerim\u00f4nia sagrada e comunit\u00e1ria. Desde a torra\u00e7\u00e3o at\u00e9 a moagem, cada passo \u00e9 uma celebra\u00e7\u00e3o, um momento de reflex\u00e3o e gratid\u00e3o.<\/p>\n\n\n\n<h2 class=\"wp-block-heading\">Jap\u00e3o: A Precis\u00e3o e a Est\u00e9tica<\/h2>\n\n\n\n<p>No Jap\u00e3o, a cultura do caf\u00e9 \u00e9 uma mistura de tradi\u00e7\u00e3o e modernidade. \u00c9 aqui que o caf\u00e9 \u00e9 transformado em arte, atrav\u00e9s da meticulosa prepara\u00e7\u00e3o do <strong>pourover<\/strong>. A precis\u00e3o e a est\u00e9tica s\u00e3o fundamentais, tornando cada x\u00edcara uma obra-prima.<\/p>\n\n\n\n<h2 class=\"wp-block-heading\">Turquia: Uma Tradi\u00e7\u00e3o Centen\u00e1ria<\/h2>\n\n\n\n<p>A Turquia oferece uma experi\u00eancia \u00fanica com o seu caf\u00e9 tradicionalmente forte e n\u00e3o filtrado. \u00c9 um s\u00edmbolo de hospitalidade e amizade, servido em pequenas x\u00edcaras acompanhadas de doces locais.<\/p>\n\n\n\n<h2 class=\"wp-block-heading\">Conclus\u00e3o<\/h2>\n\n\n\n<p>A cultura do caf\u00e9 \u00e9 uma tape\u00e7aria rica e diversificada que se entrela\u00e7a atrav\u00e9s das fronteiras globais. Cada x\u00edcara conta uma hist\u00f3ria, cada aroma evoca uma mem\u00f3ria. A pr\u00f3xima vez que voc\u00ea desfrutar de uma x\u00edcara de caf\u00e9 especial, lembre-se de que est\u00e1 participando de uma tradi\u00e7\u00e3o global que une as pessoas em uma experi\u00eancia compartilhada.<\/p>\n","protected":false},"excerpt":{"rendered":"<p>Quem nunca foi envolvido pelo aroma inebriante de uma x\u00edcara de caf\u00e9 fresco? \u00c9 mais do que uma bebida; \u00e9 uma experi\u00eancia cultural e sensorial que transcende fronteiras. A cultura do caf\u00e9 varia dramaticamente de pa\u00eds para pa\u00eds, e cada tradi\u00e7\u00e3o \u00fanica conta uma hist\u00f3ria. Embarque conosco nesta viagem gourmet pela cultura do caf\u00e9 em [&hellip;]<\/p>\n","protected":false},"author":1,"featured_media":1059,"comment_status":"open","ping_status":"open","sticky":false,"template":"","format":"standard","meta":{"content-type":"","footnotes":"","jnews-multi-image_gallery":[],"jnews_single_post":{"subtitle":"","format":"standard","video":"","gallery":"","source_name":"","source_url":"","via_name":"","via_url":"","override_template":"0","override":[{"template":"3","single_blog_custom":"","parallax":"1","fullscreen":"1","layout":"right-sidebar","sidebar":"sidebar-single-post","second_sidebar":"default-sidebar","sticky_sidebar":"1","share_position":"float","share_float_style":"share-monocrhome","show_share_counter":"1","show_view_counter":"1","show_featured":"1","show_post_meta":"1","show_post_author":"1","show_post_author_image":"1","show_post_date":"1","post_date_format":"default","post_date_format_custom":"Y\/m\/d","show_post_category":"1","show_post_reading_time":"1","post_reading_time_wpm":"300","show_zoom_button":"1","zoom_button_out_step":"2","zoom_button_in_step":"3","show_post_tag":"1","show_prev_next_post":"1","show_popup_post":"1","number_popup_post":"1","show_author_box":"1","show_post_related":"1","show_inline_post_related":"0"}],"override_image_size":"0","image_override":[{"single_post_thumbnail_size":"crop-500","single_post_gallery_size":"crop-500"}],"trending_post":"0","trending_post_position":"meta","trending_post_label":"Trending","sponsored_post":"0","sponsored_post_label":"Sponsored by","sponsored_post_name":"","sponsored_post_url":"","sponsored_post_logo_enable":"0","sponsored_post_logo":"","sponsored_post_desc":"","disable_ad":"0"},"jnews_primary_category":{"id":"","hide":""},"jnews_social_meta":{"fb_title":"","fb_description":"","fb_image":"","twitter_title":"","twitter_description":"","twitter_image":""},"jnews_override_counter":{"override_view_counter":"0","view_counter_number":"0","override_share_counter":"0","share_counter_number":"0","override_like_counter":"0","like_counter_number":"0","override_dislike_counter":"0","dislike_counter_number":"0"}},"categories":[98],"tags":[257,272,122,191,119,271],"_links":{"self":[{"href":"https:\/\/blog.geraiscafe.com.br\/index.php\/wp-json\/wp\/v2\/posts\/1057"}],"collection":[{"href":"https:\/\/blog.geraiscafe.com.br\/index.php\/wp-json\/wp\/v2\/posts"}],"about":[{"href":"https:\/\/blog.geraiscafe.com.br\/index.php\/wp-json\/wp\/v2\/types\/post"}],"author":[{"embeddable":true,"href":"https:\/\/blog.geraiscafe.com.br\/index.php\/wp-json\/wp\/v2\/users\/1"}],"replies":[{"embeddable":true,"href":"https:\/\/blog.geraiscafe.com.br\/index.php\/wp-json\/wp\/v2\/comments?post=1057"}],"version-history":[{"count":1,"href":"https:\/\/blog.geraiscafe.com.br\/index.php\/wp-json\/wp\/v2\/posts\/1057\/revisions"}],"predecessor-version":[{"id":1060,"href":"https:\/\/blog.geraiscafe.com.br\/index.php\/wp-json\/wp\/v2\/posts\/1057\/revisions\/1060"}],"wp:featuredmedia":[{"embeddable":true,"href":"https:\/\/blog.geraiscafe.com.br\/index.php\/wp-json\/wp\/v2\/media\/1059"}],"wp:attachment":[{"href":"https:\/\/blog.geraiscafe.com.br\/index.php\/wp-json\/wp\/v2\/media?parent=1057"}],"wp:term":[{"taxonomy":"category","embeddable":true,"href":"https:\/\/blog.geraiscafe.com.br\/index.php\/wp-json\/wp\/v2\/categories?post=1057"},{"taxonomy":"post_tag","embeddable":true,"href":"https:\/\/blog.geraiscafe.com.br\/index.php\/wp-json\/wp\/v2\/tags?post=1057"}],"curies":[{"name":"wp","href":"https:\/\/api.w.org\/{rel}","templated":true}]}}