{"id":1062,"date":"2023-08-22T05:35:00","date_gmt":"2023-08-22T08:35:00","guid":{"rendered":"https:\/\/blog.geraiscafe.com.br\/?p=1062"},"modified":"2023-08-21T22:58:13","modified_gmt":"2023-08-22T01:58:13","slug":"a-arte-de-harmonizar-cafe-e-comida-uma-experiencia-sensorial-inigualavel","status":"publish","type":"post","link":"https:\/\/blog.geraiscafe.com.br\/index.php\/2023\/08\/22\/a-arte-de-harmonizar-cafe-e-comida-uma-experiencia-sensorial-inigualavel\/","title":{"rendered":"A Arte de Harmonizar Caf\u00e9 e Comida: Uma Experi\u00eancia Sensorial Inigual\u00e1vel"},"content":{"rendered":"\n<p class=\"has-medium-font-size\">A m\u00fasica da vida \u00e9 repleta de notas saborosas, mas quando se fala de um dos casamentos mais perfeitos entre paladar e cultura, \u00e9 imposs\u00edvel n\u00e3o mencionar a arte de harmonizar caf\u00e9 e comida. Vamos embarcar em uma jornada por essa conex\u00e3o gastron\u00f4mica que tem sido a base para algumas das experi\u00eancias culin\u00e1rias mais emocionantes da atualidade.<\/p>\n\n\n\n<h2 class=\"wp-block-heading\">A Descoberta do Caf\u00e9: Uma Hist\u00f3ria Rica<\/h2>\n\n\n\n<p>H\u00e1 s\u00e9culos, o caf\u00e9 se estabeleceu como uma bebida que n\u00e3o s\u00f3 desperta a mente, mas tamb\u00e9m o cora\u00e7\u00e3o. Suas ra\u00edzes profundas tocam as terras da Eti\u00f3pia e se estendem pelo Brasil, Col\u00f4mbia, Vietn\u00e3 e muitos outros pa\u00edses. \u00c9 mais do que uma simples bebida; \u00e9 um s\u00edmbolo de uni\u00e3o, conversa e prazer.<\/p>\n\n\n\n<h2 class=\"wp-block-heading\">A Uni\u00e3o Perfeita: Caf\u00e9 e Gastronomia<\/h2>\n\n\n\n<p>A magia come\u00e7a quando o caf\u00e9 \u00e9 harmonizado com alimentos que real\u00e7am seus sabores e aromas \u00fanicos. Assim como o vinho, o caf\u00e9 possui uma variedade complexa de notas, desde frutadas a terrosas, que podem ser combinadas com pratos diversos.<\/p>\n\n\n\n<figure class=\"wp-block-image size-large\"><img data-dominant-color=\"7b685e\" data-has-transparency=\"false\" style=\"--dominant-color: #7b685e;\" fetchpriority=\"high\" decoding=\"async\" width=\"1024\" height=\"574\" src=\"https:\/\/blog.geraiscafe.com.br\/wp-content\/uploads\/2023\/08\/post-22-08-23-2-1024x574.webp\" alt=\"\" class=\"not-transparent wp-image-1063\" srcset=\"https:\/\/blog.geraiscafe.com.br\/wp-content\/uploads\/2023\/08\/post-22-08-23-2-1024x574.webp 1024w, https:\/\/blog.geraiscafe.com.br\/wp-content\/uploads\/2023\/08\/post-22-08-23-2-300x168.webp 300w, https:\/\/blog.geraiscafe.com.br\/wp-content\/uploads\/2023\/08\/post-22-08-23-2-768x430.webp 768w, https:\/\/blog.geraiscafe.com.br\/wp-content\/uploads\/2023\/08\/post-22-08-23-2-750x420.webp 750w, https:\/\/blog.geraiscafe.com.br\/wp-content\/uploads\/2023\/08\/post-22-08-23-2-1140x639.webp 1140w, https:\/\/blog.geraiscafe.com.br\/wp-content\/uploads\/2023\/08\/post-22-08-23-2-jpg.webp 1456w\" sizes=\"(max-width: 1024px) 100vw, 1024px\" \/><\/figure>\n\n\n\n<p><strong>1. Caf\u00e9 e Sobremesas:<\/strong> Um expresso robusto com notas de cacau, casando-se perfeitamente com um tiramisu, cria uma experi\u00eancia sensual que abra\u00e7a a alma.<\/p>\n\n\n\n<p><\/p>\n\n\n\n<figure class=\"wp-block-image size-large\"><img data-dominant-color=\"4b362b\" data-has-transparency=\"false\" style=\"--dominant-color: #4b362b;\" decoding=\"async\" width=\"1024\" height=\"574\" src=\"https:\/\/blog.geraiscafe.com.br\/wp-content\/uploads\/2023\/08\/post-22-08-23-3-1024x574.webp\" alt=\"\" class=\"not-transparent wp-image-1064\" srcset=\"https:\/\/blog.geraiscafe.com.br\/wp-content\/uploads\/2023\/08\/post-22-08-23-3-1024x574.webp 1024w, https:\/\/blog.geraiscafe.com.br\/wp-content\/uploads\/2023\/08\/post-22-08-23-3-300x168.webp 300w, https:\/\/blog.geraiscafe.com.br\/wp-content\/uploads\/2023\/08\/post-22-08-23-3-768x430.webp 768w, https:\/\/blog.geraiscafe.com.br\/wp-content\/uploads\/2023\/08\/post-22-08-23-3-750x420.webp 750w, https:\/\/blog.geraiscafe.com.br\/wp-content\/uploads\/2023\/08\/post-22-08-23-3-1140x639.webp 1140w, https:\/\/blog.geraiscafe.com.br\/wp-content\/uploads\/2023\/08\/post-22-08-23-3-jpg.webp 1456w\" sizes=\"(max-width: 1024px) 100vw, 1024px\" \/><\/figure>\n\n\n\n<p><strong>2. Caf\u00e9 e Pratos Salgados:<\/strong> Um caf\u00e9 suave com tons c\u00edtricos, acompanhado de um salm\u00e3o grelhado com ervas, leva o paladar a um novo n\u00edvel de satisfa\u00e7\u00e3o.<\/p>\n\n\n\n<figure class=\"wp-block-image size-large\"><img data-dominant-color=\"8b6a4d\" data-has-transparency=\"false\" style=\"--dominant-color: #8b6a4d;\" decoding=\"async\" width=\"1024\" height=\"574\" src=\"https:\/\/blog.geraiscafe.com.br\/wp-content\/uploads\/2023\/08\/post-22-08-23-1-1024x574.webp\" alt=\"\" class=\"not-transparent wp-image-1065\" srcset=\"https:\/\/blog.geraiscafe.com.br\/wp-content\/uploads\/2023\/08\/post-22-08-23-1-1024x574.webp 1024w, https:\/\/blog.geraiscafe.com.br\/wp-content\/uploads\/2023\/08\/post-22-08-23-1-300x168.webp 300w, https:\/\/blog.geraiscafe.com.br\/wp-content\/uploads\/2023\/08\/post-22-08-23-1-768x430.webp 768w, https:\/\/blog.geraiscafe.com.br\/wp-content\/uploads\/2023\/08\/post-22-08-23-1-750x420.webp 750w, https:\/\/blog.geraiscafe.com.br\/wp-content\/uploads\/2023\/08\/post-22-08-23-1-1140x639.webp 1140w, https:\/\/blog.geraiscafe.com.br\/wp-content\/uploads\/2023\/08\/post-22-08-23-1-jpg.webp 1456w\" sizes=\"(max-width: 1024px) 100vw, 1024px\" \/><\/figure>\n\n\n\n<p><strong>3. Caf\u00e9 e Queijos:<\/strong> O delicado sabor de um caf\u00e9 de prensa francesa com um queijo brie ou camembert \u00e9 uma verdadeira celebra\u00e7\u00e3o da sofistica\u00e7\u00e3o culin\u00e1ria.<\/p>\n\n\n\n<h2 class=\"wp-block-heading\">A Revolu\u00e7\u00e3o na Cozinha: Como a Harmoniza\u00e7\u00e3o Est\u00e1 Mudando o Jogo<\/h2>\n\n\n\n<p>A ci\u00eancia por tr\u00e1s da harmoniza\u00e7\u00e3o de caf\u00e9 e comida \u00e9 t\u00e3o fascinante quanto saborosa. Segundo estudos, os sabores e aromas do caf\u00e9 podem ampliar a percep\u00e7\u00e3o do paladar em at\u00e9 30%. A abordagem certa pode transformar uma refei\u00e7\u00e3o simples em uma experi\u00eancia sensorial inigual\u00e1vel.<\/p>\n\n\n\n<h2 class=\"wp-block-heading\">Conclus\u00e3o: A Celebra\u00e7\u00e3o do Sabor<\/h2>\n\n\n\n<p>Em um mundo onde a comida e a bebida s\u00e3o centrais para a experi\u00eancia humana, a arte de harmonizar caf\u00e9 e comida representa uma jornada repleta de descobertas e alegrias. Desde as manh\u00e3s tranquilas \u00e0s noites contemplativas, o caf\u00e9 continua sendo um companheiro fiel, enriquecendo nossas vidas com suas nuances multifacetadas.<\/p>\n\n\n\n<p>Ao explorar essa arte, estamos n\u00e3o apenas ampliando nossos horizontes gastron\u00f4micos, mas tamb\u00e9m honrando uma tradi\u00e7\u00e3o rica que transcende fronteiras e culturas.<\/p>\n\n\n\n<p>Seja voc\u00ea um apreciador casual de caf\u00e9 ou um verdadeiro entusiasta, convido voc\u00ea a experimentar essa arte sublime, a abrir sua mente e seu paladar para as infinitas possibilidades que o caf\u00e9 oferece.<\/p>\n","protected":false},"excerpt":{"rendered":"<p>A m\u00fasica da vida \u00e9 repleta de notas saborosas, mas quando se fala de um dos casamentos mais perfeitos entre paladar e cultura, \u00e9 imposs\u00edvel n\u00e3o mencionar a arte de harmonizar caf\u00e9 e comida. Vamos embarcar em uma jornada por essa conex\u00e3o gastron\u00f4mica que tem sido a base para algumas das experi\u00eancias culin\u00e1rias mais emocionantes [&hellip;]<\/p>\n","protected":false},"author":1,"featured_media":1066,"comment_status":"open","ping_status":"open","sticky":false,"template":"","format":"standard","meta":{"content-type":"","footnotes":"","jnews-multi-image_gallery":[],"jnews_single_post":{"subtitle":"","format":"standard","video":"","gallery":"","source_name":"","source_url":"","via_name":"","via_url":"","override_template":"0","override":[{"template":"3","single_blog_custom":"","parallax":"1","fullscreen":"1","layout":"right-sidebar","sidebar":"sidebar-single-post","second_sidebar":"default-sidebar","sticky_sidebar":"1","share_position":"float","share_float_style":"share-monocrhome","show_share_counter":"1","show_view_counter":"1","show_featured":"1","show_post_meta":"1","show_post_author":"1","show_post_author_image":"1","show_post_date":"1","post_date_format":"default","post_date_format_custom":"Y\/m\/d","show_post_category":"1","show_post_reading_time":"1","post_reading_time_wpm":"300","show_zoom_button":"1","zoom_button_out_step":"2","zoom_button_in_step":"3","show_post_tag":"1","show_prev_next_post":"1","show_popup_post":"1","number_popup_post":"1","show_author_box":"1","show_post_related":"1","show_inline_post_related":"0"}],"override_image_size":"0","image_override":[{"single_post_thumbnail_size":"crop-500","single_post_gallery_size":"crop-500"}],"trending_post":"0","trending_post_position":"meta","trending_post_label":"Trending","sponsored_post":"0","sponsored_post_label":"Sponsored by","sponsored_post_name":"","sponsored_post_url":"","sponsored_post_logo_enable":"0","sponsored_post_logo":"","sponsored_post_desc":"","disable_ad":"0"},"jnews_primary_category":{"id":"","hide":""},"jnews_social_meta":{"fb_title":"","fb_description":"","fb_image":"","twitter_title":"","twitter_description":"","twitter_image":""},"jnews_override_counter":{"override_view_counter":"0","view_counter_number":"0","override_share_counter":"0","share_counter_number":"0","override_like_counter":"0","like_counter_number":"0","override_dislike_counter":"0","dislike_counter_number":"0"}},"categories":[99],"tags":[276,110,275,191,274,273],"_links":{"self":[{"href":"https:\/\/blog.geraiscafe.com.br\/index.php\/wp-json\/wp\/v2\/posts\/1062"}],"collection":[{"href":"https:\/\/blog.geraiscafe.com.br\/index.php\/wp-json\/wp\/v2\/posts"}],"about":[{"href":"https:\/\/blog.geraiscafe.com.br\/index.php\/wp-json\/wp\/v2\/types\/post"}],"author":[{"embeddable":true,"href":"https:\/\/blog.geraiscafe.com.br\/index.php\/wp-json\/wp\/v2\/users\/1"}],"replies":[{"embeddable":true,"href":"https:\/\/blog.geraiscafe.com.br\/index.php\/wp-json\/wp\/v2\/comments?post=1062"}],"version-history":[{"count":1,"href":"https:\/\/blog.geraiscafe.com.br\/index.php\/wp-json\/wp\/v2\/posts\/1062\/revisions"}],"predecessor-version":[{"id":1067,"href":"https:\/\/blog.geraiscafe.com.br\/index.php\/wp-json\/wp\/v2\/posts\/1062\/revisions\/1067"}],"wp:featuredmedia":[{"embeddable":true,"href":"https:\/\/blog.geraiscafe.com.br\/index.php\/wp-json\/wp\/v2\/media\/1066"}],"wp:attachment":[{"href":"https:\/\/blog.geraiscafe.com.br\/index.php\/wp-json\/wp\/v2\/media?parent=1062"}],"wp:term":[{"taxonomy":"category","embeddable":true,"href":"https:\/\/blog.geraiscafe.com.br\/index.php\/wp-json\/wp\/v2\/categories?post=1062"},{"taxonomy":"post_tag","embeddable":true,"href":"https:\/\/blog.geraiscafe.com.br\/index.php\/wp-json\/wp\/v2\/tags?post=1062"}],"curies":[{"name":"wp","href":"https:\/\/api.w.org\/{rel}","templated":true}]}}