{"id":1076,"date":"2023-08-25T14:19:14","date_gmt":"2023-08-25T17:19:14","guid":{"rendered":"https:\/\/blog.geraiscafe.com.br\/?p=1076"},"modified":"2023-08-25T14:19:15","modified_gmt":"2023-08-25T17:19:15","slug":"entendendo-a-certificacao-de-cafes-organicos-um-guia-completo","status":"publish","type":"post","link":"https:\/\/blog.geraiscafe.com.br\/index.php\/2023\/08\/25\/entendendo-a-certificacao-de-cafes-organicos-um-guia-completo\/","title":{"rendered":"Entendendo a Certifica\u00e7\u00e3o de Caf\u00e9s Org\u00e2nicos: Um Guia Completo"},"content":{"rendered":"\n<p class=\"has-medium-font-size\">O caf\u00e9 org\u00e2nico tem se tornado cada vez mais popular no mercado global. A certifica\u00e7\u00e3o de caf\u00e9s org\u00e2nicos assegura que o caf\u00e9 foi cultivado e processado de acordo com padr\u00f5es rigorosos e \u00e9ticos. Mas o que exatamente isso significa? Neste artigo, vamos mergulhar no mundo dos caf\u00e9s org\u00e2nicos e entender o que est\u00e1 por tr\u00e1s da certifica\u00e7\u00e3o.<\/p>\n\n\n\n<figure class=\"wp-block-image size-large\"><img data-dominant-color=\"b9a494\" data-has-transparency=\"false\" style=\"--dominant-color: #b9a494;\" fetchpriority=\"high\" decoding=\"async\" width=\"1024\" height=\"574\" src=\"https:\/\/blog.geraiscafe.com.br\/wp-content\/uploads\/2023\/08\/post-25-08-23-1024x574.webp\" alt=\"\" class=\"not-transparent wp-image-1077\" srcset=\"https:\/\/blog.geraiscafe.com.br\/wp-content\/uploads\/2023\/08\/post-25-08-23-1024x574.webp 1024w, https:\/\/blog.geraiscafe.com.br\/wp-content\/uploads\/2023\/08\/post-25-08-23-300x168.webp 300w, https:\/\/blog.geraiscafe.com.br\/wp-content\/uploads\/2023\/08\/post-25-08-23-768x430.webp 768w, https:\/\/blog.geraiscafe.com.br\/wp-content\/uploads\/2023\/08\/post-25-08-23-750x420.webp 750w, https:\/\/blog.geraiscafe.com.br\/wp-content\/uploads\/2023\/08\/post-25-08-23-1140x639.webp 1140w, https:\/\/blog.geraiscafe.com.br\/wp-content\/uploads\/2023\/08\/post-25-08-23-jpg.webp 1456w\" sizes=\"(max-width: 1024px) 100vw, 1024px\" \/><\/figure>\n\n\n\n<h2 class=\"wp-block-heading\">O que \u00e9 Caf\u00e9 Org\u00e2nico?<\/h2>\n\n\n\n<p>Caf\u00e9 org\u00e2nico refere-se ao caf\u00e9 cultivado sem o uso de produtos qu\u00edmicos sint\u00e9ticos, como pesticidas e fertilizantes. Ele \u00e9 produzido com t\u00e9cnicas que respeitam o meio ambiente e promovem a sa\u00fade do solo, da \u00e1gua e dos seres vivos.<\/p>\n\n\n\n<h2 class=\"wp-block-heading\">Processo de Certifica\u00e7\u00e3o<\/h2>\n\n\n\n<h3 class=\"wp-block-heading\">1. <strong>Padr\u00f5es e Regula\u00e7\u00f5es<\/strong><\/h3>\n\n\n\n<p>A certifica\u00e7\u00e3o come\u00e7a com o cumprimento de padr\u00f5es e regulamenta\u00e7\u00f5es estabelecidos por \u00f3rg\u00e3os nacionais e internacionais. Isso inclui pr\u00e1ticas de cultivo, colheita, processamento e embalagem.<\/p>\n\n\n\n<h3 class=\"wp-block-heading\">2. <strong>Inspe\u00e7\u00e3o e Avalia\u00e7\u00e3o<\/strong><\/h3>\n\n\n\n<p>Uma entidade certificadora independente realiza inspe\u00e7\u00f5es e avalia\u00e7\u00f5es regulares para garantir que as pr\u00e1ticas estejam em conformidade com os padr\u00f5es org\u00e2nicos.<\/p>\n\n\n\n<h3 class=\"wp-block-heading\">3. <strong>Certifica\u00e7\u00e3o e Rotulagem<\/strong><\/h3>\n\n\n\n<p>Ap\u00f3s a aprova\u00e7\u00e3o, o caf\u00e9 recebe um selo de certifica\u00e7\u00e3o, que \u00e9 uma garantia aos consumidores de que o produto atende aos crit\u00e9rios org\u00e2nicos.<\/p>\n\n\n\n<h2 class=\"wp-block-heading\">Benef\u00edcios da Certifica\u00e7\u00e3o de Caf\u00e9s Org\u00e2nicos<\/h2>\n\n\n\n<ul>\n<li><strong>Ambientais<\/strong>: Protege a biodiversidade e promove a sa\u00fade do ecossistema.<\/li>\n\n\n\n<li><strong>Econ\u00f4micos<\/strong>: Atrai consumidores conscientes, podendo alcan\u00e7ar pre\u00e7os premium.<\/li>\n\n\n\n<li><strong>Sociais<\/strong>: Fomenta pr\u00e1ticas justas de trabalho e apoia comunidades locais.<\/li>\n<\/ul>\n\n\n\n<p class=\"has-medium-font-size\">A certifica\u00e7\u00e3o de caf\u00e9s org\u00e2nicos \u00e9 mais do que um selo; \u00e9 uma filosofia de respeito \u00e0 natureza e ao ser humano. Ao escolher caf\u00e9s certificados, os consumidores apoiam pr\u00e1ticas respons\u00e1veis e contribuem para um mundo mais sustent\u00e1vel.<\/p>\n","protected":false},"excerpt":{"rendered":"<p>O caf\u00e9 org\u00e2nico tem se tornado cada vez mais popular no mercado global. A certifica\u00e7\u00e3o de caf\u00e9s org\u00e2nicos assegura que o caf\u00e9 foi cultivado e processado de acordo com padr\u00f5es rigorosos e \u00e9ticos. Mas o que exatamente isso significa? Neste artigo, vamos mergulhar no mundo dos caf\u00e9s org\u00e2nicos e entender o que est\u00e1 por tr\u00e1s [&hellip;]<\/p>\n","protected":false},"author":1,"featured_media":1077,"comment_status":"open","ping_status":"open","sticky":false,"template":"","format":"standard","meta":{"content-type":"","footnotes":"","jnews-multi-image_gallery":[],"jnews_single_post":{"subtitle":"","format":"standard","video":"","gallery":"","source_name":"","source_url":"","via_name":"","via_url":"","override_template":"0","override":[{"template":"3","single_blog_custom":"","parallax":"1","fullscreen":"1","layout":"right-sidebar","sidebar":"sidebar-single-post","second_sidebar":"default-sidebar","sticky_sidebar":"1","share_position":"float","share_float_style":"share-monocrhome","show_share_counter":"1","show_view_counter":"1","show_featured":"1","show_post_meta":"1","show_post_author":"1","show_post_author_image":"1","show_post_date":"1","post_date_format":"default","post_date_format_custom":"Y\/m\/d","show_post_category":"1","show_post_reading_time":"1","post_reading_time_wpm":"300","show_zoom_button":"1","zoom_button_out_step":"2","zoom_button_in_step":"3","show_post_tag":"1","show_prev_next_post":"1","show_popup_post":"1","number_popup_post":"1","show_author_box":"1","show_post_related":"1","show_inline_post_related":"0"}],"override_image_size":"0","image_override":[{"single_post_thumbnail_size":"crop-500","single_post_gallery_size":"crop-500"}],"trending_post":"0","trending_post_position":"meta","trending_post_label":"Trending","sponsored_post":"0","sponsored_post_label":"Sponsored by","sponsored_post_name":"","sponsored_post_url":"","sponsored_post_logo_enable":"0","sponsored_post_logo":"","sponsored_post_desc":"","disable_ad":"0"},"jnews_primary_category":{"id":"","hide":""},"jnews_social_meta":{"fb_title":"","fb_description":"","fb_image":"","twitter_title":"","twitter_description":"","twitter_image":""},"jnews_override_counter":{"override_view_counter":"0","view_counter_number":"0","override_share_counter":"0","share_counter_number":"0","override_like_counter":"0","like_counter_number":"0","override_dislike_counter":"0","dislike_counter_number":"0"}},"categories":[98],"tags":[224,283,282,194],"_links":{"self":[{"href":"https:\/\/blog.geraiscafe.com.br\/index.php\/wp-json\/wp\/v2\/posts\/1076"}],"collection":[{"href":"https:\/\/blog.geraiscafe.com.br\/index.php\/wp-json\/wp\/v2\/posts"}],"about":[{"href":"https:\/\/blog.geraiscafe.com.br\/index.php\/wp-json\/wp\/v2\/types\/post"}],"author":[{"embeddable":true,"href":"https:\/\/blog.geraiscafe.com.br\/index.php\/wp-json\/wp\/v2\/users\/1"}],"replies":[{"embeddable":true,"href":"https:\/\/blog.geraiscafe.com.br\/index.php\/wp-json\/wp\/v2\/comments?post=1076"}],"version-history":[{"count":1,"href":"https:\/\/blog.geraiscafe.com.br\/index.php\/wp-json\/wp\/v2\/posts\/1076\/revisions"}],"predecessor-version":[{"id":1078,"href":"https:\/\/blog.geraiscafe.com.br\/index.php\/wp-json\/wp\/v2\/posts\/1076\/revisions\/1078"}],"wp:featuredmedia":[{"embeddable":true,"href":"https:\/\/blog.geraiscafe.com.br\/index.php\/wp-json\/wp\/v2\/media\/1077"}],"wp:attachment":[{"href":"https:\/\/blog.geraiscafe.com.br\/index.php\/wp-json\/wp\/v2\/media?parent=1076"}],"wp:term":[{"taxonomy":"category","embeddable":true,"href":"https:\/\/blog.geraiscafe.com.br\/index.php\/wp-json\/wp\/v2\/categories?post=1076"},{"taxonomy":"post_tag","embeddable":true,"href":"https:\/\/blog.geraiscafe.com.br\/index.php\/wp-json\/wp\/v2\/tags?post=1076"}],"curies":[{"name":"wp","href":"https:\/\/api.w.org\/{rel}","templated":true}]}}