{"id":1079,"date":"2023-08-25T19:09:18","date_gmt":"2023-08-25T22:09:18","guid":{"rendered":"https:\/\/blog.geraiscafe.com.br\/?p=1079"},"modified":"2023-08-25T19:10:42","modified_gmt":"2023-08-25T22:10:42","slug":"cafe-espresso-classico-a-base-para-muitas-bebidas-de-cafe","status":"publish","type":"post","link":"https:\/\/blog.geraiscafe.com.br\/index.php\/2023\/08\/25\/cafe-espresso-classico-a-base-para-muitas-bebidas-de-cafe\/","title":{"rendered":"Caf\u00e9 Espresso Cl\u00e1ssico: A base para muitas bebidas de caf\u00e9"},"content":{"rendered":"\n<p class=\"has-medium-font-size\">O caf\u00e9 espresso \u00e9 mais do que apenas uma bebida; \u00e9 a ess\u00eancia e a alma do mundo dos caf\u00e9s especiais. Conhecido pelo seu sabor intenso e cremosidade incompar\u00e1vel, o espresso \u00e9 a base para uma vasta variedade de bebidas amadas por pessoas ao redor do mundo. Neste artigo, vamos mergulhar no fascinante mundo do espresso e mostrar como voc\u00ea pode criar essa maravilha em casa.<\/p>\n\n\n\n<h2 class=\"wp-block-heading\">O que \u00e9 Caf\u00e9 Espresso?<\/h2>\n\n\n\n<p>O caf\u00e9 espresso \u00e9 uma bebida concentrada feita for\u00e7ando \u00e1gua quente atrav\u00e9s de gr\u00e3os de caf\u00e9 finamente mo\u00eddos. Ele \u00e9 conhecido por seu sabor rico e corpo encorpado, com um toque de acidez e uma cremosa camada superior conhecida como &#8220;crema.&#8221;<\/p>\n\n\n\n<figure class=\"wp-block-image size-large\"><img data-dominant-color=\"8b715d\" data-has-transparency=\"false\" style=\"--dominant-color: #8b715d;\" fetchpriority=\"high\" decoding=\"async\" width=\"1024\" height=\"574\" src=\"https:\/\/blog.geraiscafe.com.br\/wp-content\/uploads\/2023\/08\/post-26-08-23-1024x574.webp\" alt=\"\" class=\"not-transparent wp-image-1080\" srcset=\"https:\/\/blog.geraiscafe.com.br\/wp-content\/uploads\/2023\/08\/post-26-08-23-1024x574.webp 1024w, https:\/\/blog.geraiscafe.com.br\/wp-content\/uploads\/2023\/08\/post-26-08-23-300x168.webp 300w, https:\/\/blog.geraiscafe.com.br\/wp-content\/uploads\/2023\/08\/post-26-08-23-768x430.webp 768w, https:\/\/blog.geraiscafe.com.br\/wp-content\/uploads\/2023\/08\/post-26-08-23-750x420.webp 750w, https:\/\/blog.geraiscafe.com.br\/wp-content\/uploads\/2023\/08\/post-26-08-23-1140x639.webp 1140w, https:\/\/blog.geraiscafe.com.br\/wp-content\/uploads\/2023\/08\/post-26-08-23-jpg.webp 1456w\" sizes=\"(max-width: 1024px) 100vw, 1024px\" \/><\/figure>\n\n\n\n<h2 class=\"wp-block-heading\">A Hist\u00f3ria do Espresso<\/h2>\n\n\n\n<p>O espresso nasceu na It\u00e1lia no in\u00edcio do s\u00e9culo XX e rapidamente conquistou o mundo. Em 2019, o mercado global de caf\u00e9 espresso foi avaliado em USD 22,2 bilh\u00f5es, com uma proje\u00e7\u00e3o de crescimento de 7,1% ao ano at\u00e9 2025.<\/p>\n\n\n\n<h3 class=\"wp-block-heading\">Ingredientes:<\/h3>\n\n\n\n<ul>\n<li>Caf\u00e9 de alta qualidade, mo\u00eddo na hora (18-20g)<\/li>\n\n\n\n<li>\u00c1gua fresca e filtrada<\/li>\n<\/ul>\n\n\n\n<h3 class=\"wp-block-heading\">Equipamentos:<\/h3>\n\n\n\n<ul>\n<li>M\u00e1quina de espresso<\/li>\n\n\n\n<li>Moedor de caf\u00e9<\/li>\n\n\n\n<li>Tamper (compactador)<\/li>\n<\/ul>\n\n\n\n<h2 class=\"wp-block-heading\">Passo a Passo: Preparando um Espresso Cl\u00e1ssico<\/h2>\n\n\n\n<h3 class=\"wp-block-heading\">1. <strong>Sele\u00e7\u00e3o e Moagem dos Gr\u00e3os:<\/strong><\/h3>\n\n\n\n<p>Escolha um caf\u00e9 de alta qualidade, preferencialmente um blend espec\u00edfico para espresso. Moa os gr\u00e3os na hora, procurando uma textura similar \u00e0 do sal fino.<\/p>\n\n\n\n<h3 class=\"wp-block-heading\">2. <strong>Prepara\u00e7\u00e3o da M\u00e1quina:<\/strong><\/h3>\n\n\n\n<p>Ligue a m\u00e1quina e deixe-a aquecer completamente.<\/p>\n\n\n\n<h3 class=\"wp-block-heading\">3. <strong>Preenchimento do Porta-Filtro:<\/strong><\/h3>\n\n\n\n<p>Preencha o porta-filtro com o caf\u00e9 mo\u00eddo e use o tamper para compactar uniformemente.<\/p>\n\n\n\n<h3 class=\"wp-block-heading\">4. <strong>Extra\u00e7\u00e3o:<\/strong><\/h3>\n\n\n\n<p>Encaixe o porta-filtro na m\u00e1quina e inicie a extra\u00e7\u00e3o. O caf\u00e9 deve come\u00e7ar a fluir ap\u00f3s 8-10 segundos e a extra\u00e7\u00e3o deve levar cerca de 25-30 segundos.<\/p>\n\n\n\n<h3 class=\"wp-block-heading\">5. <strong>Servir:<\/strong><\/h3>\n\n\n\n<p>Sirva imediatamente em uma x\u00edcara pr\u00e9-aquecida e desfrute da beleza do espresso.<\/p>\n\n\n\n<h2 class=\"wp-block-heading\">O Espresso como Base<\/h2>\n\n\n\n<p>O caf\u00e9 espresso \u00e9 a base para v\u00e1rias bebidas populares, como:<\/p>\n\n\n\n<ul>\n<li><strong>Cappuccino<\/strong>: Espresso, leite vaporizado e espuma de leite.<\/li>\n\n\n\n<li><strong>Latte<\/strong>: Espresso com mais leite vaporizado e uma pitada de espuma.<\/li>\n\n\n\n<li><strong>Americano<\/strong>: Espresso dilu\u00eddo em \u00e1gua quente.<\/li>\n<\/ul>\n\n\n\n<p class=\"has-medium-font-size\">O caf\u00e9 espresso \u00e9 uma arte e uma ci\u00eancia. Seu sabor intenso e sua textura sedosa o tornam uma experi\u00eancia singular e a base para muitas outras bebidas deliciosas. Com a receita e as dicas acima, voc\u00ea est\u00e1 pronto para explorar este mundo maravilhoso e talvez at\u00e9 criar sua pr\u00f3pria varia\u00e7\u00e3o da bebida.<\/p>\n","protected":false},"excerpt":{"rendered":"<p>O caf\u00e9 espresso \u00e9 mais do que apenas uma bebida; \u00e9 a ess\u00eancia e a alma do mundo dos caf\u00e9s especiais. Conhecido pelo seu sabor intenso e cremosidade incompar\u00e1vel, o espresso \u00e9 a base para uma vasta variedade de bebidas amadas por pessoas ao redor do mundo. Neste artigo, vamos mergulhar no fascinante mundo do [&hellip;]<\/p>\n","protected":false},"author":1,"featured_media":1082,"comment_status":"open","ping_status":"open","sticky":false,"template":"","format":"standard","meta":{"content-type":"","footnotes":"","jnews-multi-image_gallery":[],"jnews_single_post":{"subtitle":"","format":"standard","video":"","gallery":"","source_name":"","source_url":"","via_name":"","via_url":"","override_template":"0","override":[{"template":"3","single_blog_custom":"","parallax":"1","fullscreen":"1","layout":"right-sidebar","sidebar":"sidebar-single-post","second_sidebar":"default-sidebar","sticky_sidebar":"1","share_position":"float","share_float_style":"share-monocrhome","show_share_counter":"1","show_view_counter":"1","show_featured":"1","show_post_meta":"1","show_post_author":"1","show_post_author_image":"1","show_post_date":"1","post_date_format":"default","post_date_format_custom":"Y\/m\/d","show_post_category":"1","show_post_reading_time":"1","post_reading_time_wpm":"300","show_zoom_button":"1","zoom_button_out_step":"2","zoom_button_in_step":"3","show_post_tag":"1","show_prev_next_post":"1","show_popup_post":"1","number_popup_post":"1","show_author_box":"1","show_post_related":"1","show_inline_post_related":"0"}],"override_image_size":"0","image_override":[{"single_post_thumbnail_size":"crop-500","single_post_gallery_size":"crop-500"}],"trending_post":"0","trending_post_position":"meta","trending_post_label":"Trending","sponsored_post":"0","sponsored_post_label":"Sponsored by","sponsored_post_name":"","sponsored_post_url":"","sponsored_post_logo_enable":"0","sponsored_post_logo":"","sponsored_post_desc":"","disable_ad":"0"},"jnews_primary_category":{"id":"","hide":""},"jnews_social_meta":{"fb_title":"","fb_description":"","fb_image":"","twitter_title":"","twitter_description":"","twitter_image":""},"jnews_override_counter":{"override_view_counter":"0","view_counter_number":"0","override_share_counter":"0","share_counter_number":"0","override_like_counter":"0","like_counter_number":"0","override_dislike_counter":"0","dislike_counter_number":"0"}},"categories":[98],"tags":[284,285,286],"_links":{"self":[{"href":"https:\/\/blog.geraiscafe.com.br\/index.php\/wp-json\/wp\/v2\/posts\/1079"}],"collection":[{"href":"https:\/\/blog.geraiscafe.com.br\/index.php\/wp-json\/wp\/v2\/posts"}],"about":[{"href":"https:\/\/blog.geraiscafe.com.br\/index.php\/wp-json\/wp\/v2\/types\/post"}],"author":[{"embeddable":true,"href":"https:\/\/blog.geraiscafe.com.br\/index.php\/wp-json\/wp\/v2\/users\/1"}],"replies":[{"embeddable":true,"href":"https:\/\/blog.geraiscafe.com.br\/index.php\/wp-json\/wp\/v2\/comments?post=1079"}],"version-history":[{"count":1,"href":"https:\/\/blog.geraiscafe.com.br\/index.php\/wp-json\/wp\/v2\/posts\/1079\/revisions"}],"predecessor-version":[{"id":1081,"href":"https:\/\/blog.geraiscafe.com.br\/index.php\/wp-json\/wp\/v2\/posts\/1079\/revisions\/1081"}],"wp:featuredmedia":[{"embeddable":true,"href":"https:\/\/blog.geraiscafe.com.br\/index.php\/wp-json\/wp\/v2\/media\/1082"}],"wp:attachment":[{"href":"https:\/\/blog.geraiscafe.com.br\/index.php\/wp-json\/wp\/v2\/media?parent=1079"}],"wp:term":[{"taxonomy":"category","embeddable":true,"href":"https:\/\/blog.geraiscafe.com.br\/index.php\/wp-json\/wp\/v2\/categories?post=1079"},{"taxonomy":"post_tag","embeddable":true,"href":"https:\/\/blog.geraiscafe.com.br\/index.php\/wp-json\/wp\/v2\/tags?post=1079"}],"curies":[{"name":"wp","href":"https:\/\/api.w.org\/{rel}","templated":true}]}}