{"id":1084,"date":"2023-08-28T22:03:53","date_gmt":"2023-08-29T01:03:53","guid":{"rendered":"https:\/\/blog.geraiscafe.com.br\/?p=1084"},"modified":"2023-08-28T22:03:57","modified_gmt":"2023-08-29T01:03:57","slug":"cafe-e-vinho-paralelos-surpreendentes-na-degustacao-e-producao","status":"publish","type":"post","link":"https:\/\/blog.geraiscafe.com.br\/index.php\/2023\/08\/28\/cafe-e-vinho-paralelos-surpreendentes-na-degustacao-e-producao\/","title":{"rendered":"Caf\u00e9 e Vinho: Paralelos Surpreendentes na Degusta\u00e7\u00e3o e Produ\u00e7\u00e3o"},"content":{"rendered":"\n<p class=\"has-medium-font-size\">Quando pensamos em bebidas que capturam a ess\u00eancia da cultura, sofistica\u00e7\u00e3o e sabor, caf\u00e9 e vinho frequentemente v\u00eam \u00e0 mente. Mas voc\u00ea j\u00e1 parou para pensar nas semelhan\u00e7as surpreendentes entre essas duas bebidas amadas globalmente? Neste artigo, vamos explorar os paralelos fascinantes na degusta\u00e7\u00e3o e produ\u00e7\u00e3o de caf\u00e9 e vinho, e como essas duas bebidas t\u00eam mais em comum do que voc\u00ea pode imaginar.<\/p>\n\n\n\n<figure class=\"wp-block-image size-large\"><img data-dominant-color=\"2f221d\" data-has-transparency=\"false\" style=\"--dominant-color: #2f221d;\" fetchpriority=\"high\" decoding=\"async\" width=\"1024\" height=\"574\" src=\"https:\/\/blog.geraiscafe.com.br\/wp-content\/uploads\/2023\/08\/post-vinhos-e-cafes-1024x574.webp\" alt=\"\" class=\"not-transparent wp-image-1086\" srcset=\"https:\/\/blog.geraiscafe.com.br\/wp-content\/uploads\/2023\/08\/post-vinhos-e-cafes-1024x574.webp 1024w, https:\/\/blog.geraiscafe.com.br\/wp-content\/uploads\/2023\/08\/post-vinhos-e-cafes-300x168.webp 300w, https:\/\/blog.geraiscafe.com.br\/wp-content\/uploads\/2023\/08\/post-vinhos-e-cafes-768x430.webp 768w, https:\/\/blog.geraiscafe.com.br\/wp-content\/uploads\/2023\/08\/post-vinhos-e-cafes-750x420.webp 750w, https:\/\/blog.geraiscafe.com.br\/wp-content\/uploads\/2023\/08\/post-vinhos-e-cafes-1140x639.webp 1140w, https:\/\/blog.geraiscafe.com.br\/wp-content\/uploads\/2023\/08\/post-vinhos-e-cafes-jpg.webp 1456w\" sizes=\"(max-width: 1024px) 100vw, 1024px\" \/><\/figure>\n\n\n\n<h2 class=\"wp-block-heading\">Terroir: O Solo Faz a Diferen\u00e7a<\/h2>\n\n\n\n<p>Assim como no mundo do vinho, o conceito de &#8220;terroir&#8221; \u00e9 crucial na produ\u00e7\u00e3o de caf\u00e9 de alta qualidade. O solo, clima e altitude em que as uvas e gr\u00e3os de caf\u00e9 s\u00e3o cultivados t\u00eam um impacto significativo no sabor final. No caso do vinho, terroirs famosos incluem Bordeaux na Fran\u00e7a e Napa Valley nos EUA. No caf\u00e9, regi\u00f5es como a Eti\u00f3pia e a Col\u00f4mbia s\u00e3o renomadas por seus terroirs \u00fanicos.<\/p>\n\n\n\n<p><strong>Estat\u00edsticas<\/strong>: De acordo com a Organiza\u00e7\u00e3o Internacional do Caf\u00e9, o Brasil \u00e9 o maior produtor de caf\u00e9 do mundo, contribuindo com cerca de 37% da produ\u00e7\u00e3o global. No mundo do vinho, a Fran\u00e7a e a It\u00e1lia frequentemente disputam o t\u00edtulo de maior produtor.<\/p>\n\n\n\n<h2 class=\"wp-block-heading\">O Processo de Fermenta\u00e7\u00e3o: Ci\u00eancia e Arte<\/h2>\n\n\n\n<p>Tanto o caf\u00e9 quanto o vinho passam por um processo de fermenta\u00e7\u00e3o que \u00e9 tanto uma ci\u00eancia quanto uma arte. No vinho, a fermenta\u00e7\u00e3o alco\u00f3lica transforma os a\u00e7\u00facares das uvas em \u00e1lcool. No caf\u00e9, a fermenta\u00e7\u00e3o \u00e9 usada para remover a mucilagem dos gr\u00e3os, o que pode adicionar complexidade ao sabor.<\/p>\n\n\n\n<h2 class=\"wp-block-heading\">Notas Sensoriais: Um Universo de Sabores e Aromas<\/h2>\n\n\n\n<p>Degustadores de caf\u00e9 e vinho usam um vocabul\u00e1rio espec\u00edfico para descrever suas experi\u00eancias sensoriais. Palavras como &#8220;frutado&#8221;, &#8220;terroso&#8221;, &#8220;\u00e1cido&#8221; e &#8220;corpo&#8221; s\u00e3o comuns em ambas as ind\u00fastrias. A Roda de Sabores do Caf\u00e9, desenvolvida pela Specialty Coffee Association, identifica mais de 100 atributos de sabor, semelhante \u00e0 complexidade encontrada nas avalia\u00e7\u00f5es de vinho.<\/p>\n\n\n\n<p><strong>Estat\u00edsticas<\/strong>: Segundo a Wine Spectator, existem mais de 200 notas sensoriais poss\u00edveis em uma degusta\u00e7\u00e3o de vinho, variando de &#8220;cereja&#8221; a &#8220;couro&#8221;.<\/p>\n\n\n\n<h2 class=\"wp-block-heading\">A Import\u00e2ncia da Colheita e Processamento<\/h2>\n\n\n\n<p>A \u00e9poca de colheita \u00e9 crucial tanto para o caf\u00e9 quanto para o vinho. Uvas e gr\u00e3os de caf\u00e9 devem ser colhidos no pico de sua matura\u00e7\u00e3o para garantir a melhor qualidade. Al\u00e9m disso, o processamento p\u00f3s-colheita, como secagem e armazenamento, tamb\u00e9m \u00e9 vital para preservar as caracter\u00edsticas desejadas.<\/p>\n\n\n\n<p class=\"has-medium-font-size\">Embora \u00e0 primeira vista caf\u00e9 e vinho possam parecer mundos \u00e0 parte, uma an\u00e1lise mais profunda revela uma s\u00e9rie de paralelos impressionantes. De terroirs espec\u00edficos e processos de fermenta\u00e7\u00e3o a complexas notas sensoriais e import\u00e2ncia da colheita, essas duas bebidas compartilham mais do que apenas a capacidade de capturar nossa imagina\u00e7\u00e3o e paladar. Ent\u00e3o, da pr\u00f3xima vez que voc\u00ea estiver saboreando uma x\u00edcara de caf\u00e9 especial ou um copo de vinho fino, lembre-se das maravilhosas semelhan\u00e7as que tornam essas experi\u00eancias poss\u00edveis.<\/p>\n","protected":false},"excerpt":{"rendered":"<p>Quando pensamos em bebidas que capturam a ess\u00eancia da cultura, sofistica\u00e7\u00e3o e sabor, caf\u00e9 e vinho frequentemente v\u00eam \u00e0 mente. Mas voc\u00ea j\u00e1 parou para pensar nas semelhan\u00e7as surpreendentes entre essas duas bebidas amadas globalmente? Neste artigo, vamos explorar os paralelos fascinantes na degusta\u00e7\u00e3o e produ\u00e7\u00e3o de caf\u00e9 e vinho, e como essas duas bebidas [&hellip;]<\/p>\n","protected":false},"author":1,"featured_media":1086,"comment_status":"open","ping_status":"open","sticky":false,"template":"","format":"standard","meta":{"content-type":"","footnotes":"","jnews-multi-image_gallery":[],"jnews_single_post":{"subtitle":"","format":"standard","video":"","gallery":"","source_name":"","source_url":"","via_name":"","via_url":"","override_template":"0","override":[{"template":"3","single_blog_custom":"","parallax":"1","fullscreen":"1","layout":"right-sidebar","sidebar":"sidebar-single-post","second_sidebar":"default-sidebar","sticky_sidebar":"1","share_position":"float","share_float_style":"share-monocrhome","show_share_counter":"1","show_view_counter":"1","show_featured":"1","show_post_meta":"1","show_post_author":"1","show_post_author_image":"1","show_post_date":"1","post_date_format":"default","post_date_format_custom":"Y\/m\/d","show_post_category":"1","show_post_reading_time":"1","post_reading_time_wpm":"300","show_zoom_button":"1","zoom_button_out_step":"2","zoom_button_in_step":"3","show_post_tag":"1","show_prev_next_post":"1","show_popup_post":"1","number_popup_post":"1","show_author_box":"1","show_post_related":"1","show_inline_post_related":"0"}],"override_image_size":"0","image_override":[{"single_post_thumbnail_size":"crop-500","single_post_gallery_size":"crop-500"}],"trending_post":"0","trending_post_position":"meta","trending_post_label":"Trending","sponsored_post":"0","sponsored_post_label":"Sponsored by","sponsored_post_name":"","sponsored_post_url":"","sponsored_post_logo_enable":"0","sponsored_post_logo":"","sponsored_post_desc":"","disable_ad":"0"},"jnews_primary_category":{"id":"","hide":""},"jnews_social_meta":{"fb_title":"","fb_description":"","fb_image":"","twitter_title":"","twitter_description":"","twitter_image":""},"jnews_override_counter":{"override_view_counter":"0","view_counter_number":"0","override_share_counter":"0","share_counter_number":"0","override_like_counter":"0","like_counter_number":"0","override_dislike_counter":"0","dislike_counter_number":"0"}},"categories":[98],"tags":[110,291,288,287,292,289,188,290],"_links":{"self":[{"href":"https:\/\/blog.geraiscafe.com.br\/index.php\/wp-json\/wp\/v2\/posts\/1084"}],"collection":[{"href":"https:\/\/blog.geraiscafe.com.br\/index.php\/wp-json\/wp\/v2\/posts"}],"about":[{"href":"https:\/\/blog.geraiscafe.com.br\/index.php\/wp-json\/wp\/v2\/types\/post"}],"author":[{"embeddable":true,"href":"https:\/\/blog.geraiscafe.com.br\/index.php\/wp-json\/wp\/v2\/users\/1"}],"replies":[{"embeddable":true,"href":"https:\/\/blog.geraiscafe.com.br\/index.php\/wp-json\/wp\/v2\/comments?post=1084"}],"version-history":[{"count":1,"href":"https:\/\/blog.geraiscafe.com.br\/index.php\/wp-json\/wp\/v2\/posts\/1084\/revisions"}],"predecessor-version":[{"id":1087,"href":"https:\/\/blog.geraiscafe.com.br\/index.php\/wp-json\/wp\/v2\/posts\/1084\/revisions\/1087"}],"wp:featuredmedia":[{"embeddable":true,"href":"https:\/\/blog.geraiscafe.com.br\/index.php\/wp-json\/wp\/v2\/media\/1086"}],"wp:attachment":[{"href":"https:\/\/blog.geraiscafe.com.br\/index.php\/wp-json\/wp\/v2\/media?parent=1084"}],"wp:term":[{"taxonomy":"category","embeddable":true,"href":"https:\/\/blog.geraiscafe.com.br\/index.php\/wp-json\/wp\/v2\/categories?post=1084"},{"taxonomy":"post_tag","embeddable":true,"href":"https:\/\/blog.geraiscafe.com.br\/index.php\/wp-json\/wp\/v2\/tags?post=1084"}],"curies":[{"name":"wp","href":"https:\/\/api.w.org\/{rel}","templated":true}]}}