{"id":1088,"date":"2023-08-29T05:17:00","date_gmt":"2023-08-29T08:17:00","guid":{"rendered":"https:\/\/blog.geraiscafe.com.br\/?p=1088"},"modified":"2023-08-28T22:28:04","modified_gmt":"2023-08-29T01:28:04","slug":"a-influencia-do-solo-no-sabor-do-cafe-um-estudo-profundo-na-terroir-do-cafe","status":"publish","type":"post","link":"https:\/\/blog.geraiscafe.com.br\/index.php\/2023\/08\/29\/a-influencia-do-solo-no-sabor-do-cafe-um-estudo-profundo-na-terroir-do-cafe\/","title":{"rendered":"A Influ\u00eancia do Solo no Sabor do Caf\u00e9: Um Estudo Profundo na Terroir do Caf\u00e9"},"content":{"rendered":"\n<p class=\"has-medium-font-size\">Voc\u00ea j\u00e1 se perguntou por que o caf\u00e9 de diferentes regi\u00f5es tem sabores t\u00e3o distintos? A resposta est\u00e1 literalmente sob seus p\u00e9s: o solo. Neste artigo, vamos explorar como o solo influencia o sabor do caf\u00e9, mergulhando nos elementos que comp\u00f5em a &#8220;terroir&#8221; do caf\u00e9. Prepare-se para uma jornada empolgante pelo mundo subterr\u00e2neo do caf\u00e9!<\/p>\n\n\n\n<figure class=\"wp-block-image size-large\"><img data-dominant-color=\"392f1e\" data-has-transparency=\"false\" style=\"--dominant-color: #392f1e;\" fetchpriority=\"high\" decoding=\"async\" width=\"1024\" height=\"574\" src=\"https:\/\/blog.geraiscafe.com.br\/wp-content\/uploads\/2023\/08\/post-influencia-solo-1024x574.webp\" alt=\"\" class=\"not-transparent wp-image-1089\" srcset=\"https:\/\/blog.geraiscafe.com.br\/wp-content\/uploads\/2023\/08\/post-influencia-solo-1024x574.webp 1024w, https:\/\/blog.geraiscafe.com.br\/wp-content\/uploads\/2023\/08\/post-influencia-solo-300x168.webp 300w, https:\/\/blog.geraiscafe.com.br\/wp-content\/uploads\/2023\/08\/post-influencia-solo-768x430.webp 768w, https:\/\/blog.geraiscafe.com.br\/wp-content\/uploads\/2023\/08\/post-influencia-solo-750x420.webp 750w, https:\/\/blog.geraiscafe.com.br\/wp-content\/uploads\/2023\/08\/post-influencia-solo-1140x639.webp 1140w, https:\/\/blog.geraiscafe.com.br\/wp-content\/uploads\/2023\/08\/post-influencia-solo-jpg.webp 1456w\" sizes=\"(max-width: 1024px) 100vw, 1024px\" \/><\/figure>\n\n\n\n<h2 class=\"wp-block-heading\">O Conceito de Terroir<\/h2>\n\n\n\n<p>O termo &#8220;terroir&#8221; \u00e9 frequentemente associado ao mundo do vinho, mas tamb\u00e9m \u00e9 extremamente relevante quando falamos de caf\u00e9. Terroir refere-se ao ambiente \u00fanico em que uma planta \u00e9 cultivada, incluindo fatores como solo, clima e topografia. Estes elementos juntos contribuem para as caracter\u00edsticas \u00fanicas do caf\u00e9.<\/p>\n\n\n\n<h2 class=\"wp-block-heading\">Elementos do Solo que Afetam o Sabor<\/h2>\n\n\n\n<h3 class=\"wp-block-heading\">pH do Solo<\/h3>\n\n\n\n<p>O pH do solo pode variar de \u00e1cido a alcalino, e essa varia\u00e7\u00e3o tem um impacto direto no sabor do caf\u00e9. Solos \u00e1cidos tendem a produzir caf\u00e9s com notas mais frutadas e \u00e1cidas, enquanto solos alcalinos podem resultar em sabores mais suaves e adocicados.<\/p>\n\n\n\n<h3 class=\"wp-block-heading\">Composi\u00e7\u00e3o Mineral<\/h3>\n\n\n\n<p>Minerais como nitrog\u00eanio, f\u00f3sforo e pot\u00e1ssio desempenham um papel crucial na forma\u00e7\u00e3o do sabor. Por exemplo, um estudo publicado na revista &#8220;Food Chemistry&#8221; mostrou que n\u00edveis mais altos de magn\u00e9sio no solo est\u00e3o associados a um perfil de sabor mais doce no caf\u00e9<\/p>\n\n\n\n<h3 class=\"wp-block-heading\">Mat\u00e9ria Org\u00e2nica<\/h3>\n\n\n\n<p>A presen\u00e7a de mat\u00e9ria org\u00e2nica, como compostos e folhas decompostas, tamb\u00e9m pode enriquecer o solo e, por sua vez, o sabor do caf\u00e9. Isso \u00e9 especialmente verdadeiro em m\u00e9todos de cultivo sustent\u00e1veis, onde a mat\u00e9ria org\u00e2nica \u00e9 frequentemente reintegrada ao solo.<\/p>\n\n\n\n<h2 class=\"wp-block-heading\">A Import\u00e2ncia da Agricultura Sustent\u00e1vel<\/h2>\n\n\n\n<p>A agricultura sustent\u00e1vel n\u00e3o \u00e9 apenas boa para o planeta; ela tamb\u00e9m pode melhorar o sabor do caf\u00e9. Pr\u00e1ticas como rota\u00e7\u00e3o de culturas e compostagem podem enriquecer o solo, tornando-o mais f\u00e9rtil e, consequentemente, influenciando positivamente o perfil de sabor do caf\u00e9.<\/p>\n\n\n\n<p class=\"has-medium-font-size\">O solo \u00e9 um dos fatores mais influentes no sabor do caf\u00e9, atuando como um verdadeiro &#8220;chef&#8221; subterr\u00e2neo que tempera cada gr\u00e3o com uma mistura \u00fanica de caracter\u00edsticas. Compreender a influ\u00eancia do solo pode n\u00e3o apenas melhorar a qualidade do caf\u00e9, mas tamb\u00e9m promover pr\u00e1ticas agr\u00edcolas mais sustent\u00e1veis. Ent\u00e3o, da pr\u00f3xima vez que voc\u00ea saborear uma x\u00edcara de caf\u00e9, lembre-se de agradecer ao solo que tornou tudo isso poss\u00edvel!<\/p>\n","protected":false},"excerpt":{"rendered":"<p>Voc\u00ea j\u00e1 se perguntou por que o caf\u00e9 de diferentes regi\u00f5es tem sabores t\u00e3o distintos? A resposta est\u00e1 literalmente sob seus p\u00e9s: o solo. Neste artigo, vamos explorar como o solo influencia o sabor do caf\u00e9, mergulhando nos elementos que comp\u00f5em a &#8220;terroir&#8221; do caf\u00e9. Prepare-se para uma jornada empolgante pelo mundo subterr\u00e2neo do caf\u00e9! [&hellip;]<\/p>\n","protected":false},"author":1,"featured_media":1089,"comment_status":"open","ping_status":"open","sticky":false,"template":"","format":"standard","meta":{"content-type":"","footnotes":"","jnews-multi-image_gallery":[],"jnews_single_post":{"subtitle":"","format":"standard","video":"","gallery":"","source_name":"","source_url":"","via_name":"","via_url":"","override_template":"0","override":[{"template":"3","single_blog_custom":"","parallax":"1","fullscreen":"1","layout":"right-sidebar","sidebar":"sidebar-single-post","second_sidebar":"default-sidebar","sticky_sidebar":"1","share_position":"float","share_float_style":"share-monocrhome","show_share_counter":"1","show_view_counter":"1","show_featured":"1","show_post_meta":"1","show_post_author":"1","show_post_author_image":"1","show_post_date":"1","post_date_format":"default","post_date_format_custom":"Y\/m\/d","show_post_category":"1","show_post_reading_time":"1","post_reading_time_wpm":"300","show_zoom_button":"1","zoom_button_out_step":"2","zoom_button_in_step":"3","show_post_tag":"1","show_prev_next_post":"1","show_popup_post":"1","number_popup_post":"1","show_author_box":"1","show_post_related":"1","show_inline_post_related":"0"}],"override_image_size":"0","image_override":[{"single_post_thumbnail_size":"crop-500","single_post_gallery_size":"crop-500"}],"trending_post":"0","trending_post_position":"meta","trending_post_label":"Trending","sponsored_post":"0","sponsored_post_label":"Sponsored by","sponsored_post_name":"","sponsored_post_url":"","sponsored_post_logo_enable":"0","sponsored_post_logo":"","sponsored_post_desc":"","disable_ad":"0"},"jnews_primary_category":{"id":"","hide":""},"jnews_social_meta":{"fb_title":"","fb_description":"","fb_image":"","twitter_title":"","twitter_description":"","twitter_image":""},"jnews_override_counter":{"override_view_counter":"0","view_counter_number":"0","override_share_counter":"0","share_counter_number":"0","override_like_counter":"0","like_counter_number":"0","override_dislike_counter":"0","dislike_counter_number":"0"}},"categories":[98],"tags":[294,110,295,296,232,293,188],"_links":{"self":[{"href":"https:\/\/blog.geraiscafe.com.br\/index.php\/wp-json\/wp\/v2\/posts\/1088"}],"collection":[{"href":"https:\/\/blog.geraiscafe.com.br\/index.php\/wp-json\/wp\/v2\/posts"}],"about":[{"href":"https:\/\/blog.geraiscafe.com.br\/index.php\/wp-json\/wp\/v2\/types\/post"}],"author":[{"embeddable":true,"href":"https:\/\/blog.geraiscafe.com.br\/index.php\/wp-json\/wp\/v2\/users\/1"}],"replies":[{"embeddable":true,"href":"https:\/\/blog.geraiscafe.com.br\/index.php\/wp-json\/wp\/v2\/comments?post=1088"}],"version-history":[{"count":1,"href":"https:\/\/blog.geraiscafe.com.br\/index.php\/wp-json\/wp\/v2\/posts\/1088\/revisions"}],"predecessor-version":[{"id":1090,"href":"https:\/\/blog.geraiscafe.com.br\/index.php\/wp-json\/wp\/v2\/posts\/1088\/revisions\/1090"}],"wp:featuredmedia":[{"embeddable":true,"href":"https:\/\/blog.geraiscafe.com.br\/index.php\/wp-json\/wp\/v2\/media\/1089"}],"wp:attachment":[{"href":"https:\/\/blog.geraiscafe.com.br\/index.php\/wp-json\/wp\/v2\/media?parent=1088"}],"wp:term":[{"taxonomy":"category","embeddable":true,"href":"https:\/\/blog.geraiscafe.com.br\/index.php\/wp-json\/wp\/v2\/categories?post=1088"},{"taxonomy":"post_tag","embeddable":true,"href":"https:\/\/blog.geraiscafe.com.br\/index.php\/wp-json\/wp\/v2\/tags?post=1088"}],"curies":[{"name":"wp","href":"https:\/\/api.w.org\/{rel}","templated":true}]}}