{"id":882,"date":"2023-07-30T13:00:45","date_gmt":"2023-07-30T16:00:45","guid":{"rendered":"https:\/\/blog.geraiscafe.com.br\/?p=882"},"modified":"2023-08-06T15:21:36","modified_gmt":"2023-08-06T18:21:36","slug":"cafe-e-a-revolucao-industrial-uma-historia-interligada","status":"publish","type":"post","link":"https:\/\/blog.geraiscafe.com.br\/index.php\/2023\/07\/30\/cafe-e-a-revolucao-industrial-uma-historia-interligada\/","title":{"rendered":"Caf\u00e9 e a Revolu\u00e7\u00e3o Industrial: Uma Hist\u00f3ria Interligada"},"content":{"rendered":"\n<p class=\"has-medium-font-size\">O caf\u00e9, uma bebida mundialmente amada, possui uma hist\u00f3ria t\u00e3o rica e multifacetada quanto o seu sabor complexo. No entanto, poucos conhecem a liga\u00e7\u00e3o \u00edntima entre a popularidade do caf\u00e9 e um dos mais transformadores per\u00edodos da hist\u00f3ria humana: a Revolu\u00e7\u00e3o Industrial. Este artigo, destinado aos aficionados por caf\u00e9 e hist\u00f3ria, ir\u00e1 explorar como esses dois fen\u00f4menos interligados ajudaram a moldar o mundo como o conhecemos hoje.<\/p>\n\n\n\n<figure class=\"wp-block-image size-large\"><img fetchpriority=\"high\" decoding=\"async\" width=\"1024\" height=\"710\" src=\"https:\/\/blog.geraiscafe.com.br\/wp-content\/uploads\/2023\/07\/revolucao-industrial-pessoas-tomando-cafe-1024x710.jpg\" alt=\"\" class=\"wp-image-917\" srcset=\"https:\/\/blog.geraiscafe.com.br\/wp-content\/uploads\/2023\/07\/revolucao-industrial-pessoas-tomando-cafe-1024x710.jpg 1024w, https:\/\/blog.geraiscafe.com.br\/wp-content\/uploads\/2023\/07\/revolucao-industrial-pessoas-tomando-cafe-300x208.jpg 300w, https:\/\/blog.geraiscafe.com.br\/wp-content\/uploads\/2023\/07\/revolucao-industrial-pessoas-tomando-cafe-768x532.jpg 768w, https:\/\/blog.geraiscafe.com.br\/wp-content\/uploads\/2023\/07\/revolucao-industrial-pessoas-tomando-cafe-750x520.jpg 750w, https:\/\/blog.geraiscafe.com.br\/wp-content\/uploads\/2023\/07\/revolucao-industrial-pessoas-tomando-cafe.jpg 1140w\" sizes=\"(max-width: 1024px) 100vw, 1024px\" \/><figcaption class=\"wp-element-caption\">trabalhadores durante a Revolu\u00e7\u00e3o Industrial tomando caf\u00e9<\/figcaption><\/figure>\n\n\n\n<h2 class=\"wp-block-heading\">A Conex\u00e3o do Caf\u00e9 com a Revolu\u00e7\u00e3o Industrial<\/h2>\n\n\n\n<p>A Revolu\u00e7\u00e3o Industrial, que teve in\u00edcio no final do s\u00e9culo XVIII, desencadeou uma onda de mudan\u00e7as em todos os aspectos da vida humana. Em meio a esse turbilh\u00e3o, o caf\u00e9 emergiu como uma esp\u00e9cie de &#8220;combust\u00edvel&#8221; para a era industrial, alimentando a inova\u00e7\u00e3o, a criatividade e a produtividade dos trabalhadores.<\/p>\n\n\n\n<p>O caf\u00e9 \u00e9 mais do que apenas uma bebida saborosa; \u00e9 tamb\u00e9m uma poderosa fonte de cafe\u00edna, um estimulante que ajuda a manter a alerta e a concentra\u00e7\u00e3o. Durante a Revolu\u00e7\u00e3o Industrial, o caf\u00e9 tornou-se uma parte integrante da rotina di\u00e1ria dos trabalhadores, oferecendo uma pausa revigorante das longas horas de trabalho e mantendo os oper\u00e1rios acordados e energizados.<\/p>\n\n\n\n<h2 class=\"wp-block-heading\">Casas de Caf\u00e9: Onde a Revolu\u00e7\u00e3o Come\u00e7ou<\/h2>\n\n\n\n<p>As casas de caf\u00e9, ou cafeterias, desempenharam um papel crucial na hist\u00f3ria do caf\u00e9 e da Revolu\u00e7\u00e3o Industrial. Elas se tornaram centros de socializa\u00e7\u00e3o, discuss\u00f5es intelectuais e troca de ideias. Muitos avan\u00e7os tecnol\u00f3gicos e industriais da \u00e9poca foram concebidos e debatidos nessas casas de caf\u00e9, tornando-as incubadoras de inova\u00e7\u00e3o.<\/p>\n\n\n\n<p>A influ\u00eancia das casas de caf\u00e9 foi t\u00e3o marcante que elas foram chamadas de &#8220;penny universities&#8221; na Inglaterra, porque por apenas um penny, algu\u00e9m poderia comprar uma x\u00edcara de caf\u00e9 e participar de discuss\u00f5es estimulantes com os grandes pensadores da \u00e9poca.<\/p>\n\n\n\n<h2 class=\"wp-block-heading\">O Impacto da Revolu\u00e7\u00e3o Industrial no Com\u00e9rcio de Caf\u00e9<\/h2>\n\n\n\n<p>A Revolu\u00e7\u00e3o Industrial tamb\u00e9m mudou a maneira como o caf\u00e9 era produzido e comercializado. A inven\u00e7\u00e3o da m\u00e1quina a vapor facilitou o transporte de caf\u00e9 das col\u00f4nias para a Europa e a Am\u00e9rica do Norte. Al\u00e9m disso, as novas t\u00e9cnicas de torrefa\u00e7\u00e3o e moagem, junto com a inven\u00e7\u00e3o da cafeteira, tornaram o caf\u00e9 mais acess\u00edvel e f\u00e1cil de preparar, impulsionando ainda mais sua popularidade.<\/p>\n\n\n\n<h2 class=\"wp-block-heading\">Conclus\u00e3o<\/h2>\n\n\n\n<p>A hist\u00f3ria do caf\u00e9 e a Revolu\u00e7\u00e3o Industrial est\u00e3o profundamente interligadas. Enquanto a Revolu\u00e7\u00e3o Industrial forneceu as condi\u00e7\u00f5es para que o caf\u00e9 se tornasse uma bebida global, o caf\u00e9, por sua vez, ajudou a alimentar a energia, a criatividade e a inova\u00e7\u00e3o que impulsionaram a Revolu\u00e7\u00e3o. Ent\u00e3o, da pr\u00f3xima vez que voc\u00ea saborear uma x\u00edcara de caf\u00e9, lembre-se da rica hist\u00f3ria que ela representa.<\/p>\n\n\n\n<p>Se voc\u00ea gosta de caf\u00e9 e tem interesse em conhecer mais sobre sua hist\u00f3ria, n\u00e3o deixe de acompanhar nosso blog. Aqui, compartilhamos uma riqueza de informa\u00e7\u00f5es sobre o mundo do caf\u00e9, desde suas origens at\u00e9 as mais recentes tend\u00eancias e inova\u00e7\u00f5es. Fa\u00e7a parte da nossa comunidade de amantes do caf\u00e9!<\/p>\n","protected":false},"excerpt":{"rendered":"<p>O caf\u00e9, uma bebida mundialmente amada, possui uma hist\u00f3ria t\u00e3o rica e multifacetada quanto o seu sabor complexo. No entanto, poucos conhecem a liga\u00e7\u00e3o \u00edntima entre a popularidade do caf\u00e9 e um dos mais transformadores per\u00edodos da hist\u00f3ria humana: a Revolu\u00e7\u00e3o Industrial. Este artigo, destinado aos aficionados por caf\u00e9 e hist\u00f3ria, ir\u00e1 explorar como esses [&hellip;]<\/p>\n","protected":false},"author":1,"featured_media":917,"comment_status":"open","ping_status":"open","sticky":false,"template":"","format":"standard","meta":{"content-type":"","footnotes":"","jnews-multi-image_gallery":[],"jnews_single_post":{"subtitle":"A Conex\u00e3o do Caf\u00e9 com a Revolu\u00e7\u00e3o Industrial","format":"standard","video":"","gallery":"","source_name":"","source_url":"","via_name":"gerais caf\u00e9","via_url":"","override_template":"0","override":[{"template":"3","single_blog_custom":"","parallax":"1","fullscreen":"1","layout":"right-sidebar","sidebar":"sidebar-single-post","second_sidebar":"default-sidebar","sticky_sidebar":"1","share_position":"float","share_float_style":"share-monocrhome","show_share_counter":"1","show_view_counter":"1","show_featured":"1","show_post_meta":"1","show_post_author":"1","show_post_author_image":"1","show_post_date":"1","post_date_format":"default","post_date_format_custom":"Y\/m\/d","show_post_category":"1","show_post_reading_time":"0","post_reading_time_wpm":"300","show_zoom_button":"0","zoom_button_out_step":"2","zoom_button_in_step":"3","show_post_tag":"1","show_prev_next_post":"1","show_popup_post":"1","number_popup_post":"1","show_author_box":"1","show_post_related":"1","show_inline_post_related":"0"}],"override_image_size":"0","image_override":[{"single_post_thumbnail_size":"crop-500","single_post_gallery_size":"crop-500"}],"trending_post":"0","trending_post_position":"meta","trending_post_label":"Trending","sponsored_post":"0","sponsored_post_label":"Sponsored by","sponsored_post_name":"","sponsored_post_url":"","sponsored_post_logo_enable":"0","sponsored_post_logo":"","sponsored_post_desc":"","disable_ad":"0"},"jnews_primary_category":{"id":"98","hide":""},"jnews_social_meta":{"fb_title":"Caf\u00e9 e a Revolu\u00e7\u00e3o Industrial: Uma Hist\u00f3ria Interligada","fb_description":"O caf\u00e9, uma bebida mundialmente amada, possui uma hist\u00f3ria t\u00e3o rica e multifacetada quanto o seu sabor complexo. No entanto, poucos conhecem a liga\u00e7\u00e3o \u00edntima entre a popularidade do caf\u00e9 e um dos mais transformadores per\u00edodos da hist\u00f3ria humana: a Revolu\u00e7\u00e3o Industrial. Este artigo, destinado aos aficionados por caf\u00e9 e hist\u00f3ria, ir\u00e1 explorar como esses dois fen\u00f4menos interligados ajudaram a moldar o mundo como o conhecemos hoje.","fb_image":"917","twitter_title":"Caf\u00e9 e a Revolu\u00e7\u00e3o Industrial: Uma Hist\u00f3ria Interligada","twitter_description":"O caf\u00e9, uma bebida mundialmente amada, possui uma hist\u00f3ria t\u00e3o rica e multifacetada quanto o seu sabor complexo. No entanto, poucos conhecem a liga\u00e7\u00e3o \u00edntima entre a popularidade do caf\u00e9 e um dos mais transformadores per\u00edodos da hist\u00f3ria humana: a Revolu\u00e7\u00e3o Industrial. Este artigo, destinado aos aficionados por caf\u00e9 e hist\u00f3ria, ir\u00e1 explorar como esses dois fen\u00f4menos interligados ajudaram a moldar o mundo como o conhecemos hoje.","twitter_image":"883"},"jnews_override_counter":{"override_view_counter":"0","view_counter_number":"0","override_share_counter":"0","share_counter_number":"0","override_like_counter":"0","like_counter_number":"0","override_dislike_counter":"0","dislike_counter_number":"0"}},"categories":[98],"tags":[110,106,104,107,114,112,108,105,109,111,116,115,113],"_links":{"self":[{"href":"https:\/\/blog.geraiscafe.com.br\/index.php\/wp-json\/wp\/v2\/posts\/882"}],"collection":[{"href":"https:\/\/blog.geraiscafe.com.br\/index.php\/wp-json\/wp\/v2\/posts"}],"about":[{"href":"https:\/\/blog.geraiscafe.com.br\/index.php\/wp-json\/wp\/v2\/types\/post"}],"author":[{"embeddable":true,"href":"https:\/\/blog.geraiscafe.com.br\/index.php\/wp-json\/wp\/v2\/users\/1"}],"replies":[{"embeddable":true,"href":"https:\/\/blog.geraiscafe.com.br\/index.php\/wp-json\/wp\/v2\/comments?post=882"}],"version-history":[{"count":4,"href":"https:\/\/blog.geraiscafe.com.br\/index.php\/wp-json\/wp\/v2\/posts\/882\/revisions"}],"predecessor-version":[{"id":984,"href":"https:\/\/blog.geraiscafe.com.br\/index.php\/wp-json\/wp\/v2\/posts\/882\/revisions\/984"}],"wp:featuredmedia":[{"embeddable":true,"href":"https:\/\/blog.geraiscafe.com.br\/index.php\/wp-json\/wp\/v2\/media\/917"}],"wp:attachment":[{"href":"https:\/\/blog.geraiscafe.com.br\/index.php\/wp-json\/wp\/v2\/media?parent=882"}],"wp:term":[{"taxonomy":"category","embeddable":true,"href":"https:\/\/blog.geraiscafe.com.br\/index.php\/wp-json\/wp\/v2\/categories?post=882"},{"taxonomy":"post_tag","embeddable":true,"href":"https:\/\/blog.geraiscafe.com.br\/index.php\/wp-json\/wp\/v2\/tags?post=882"}],"curies":[{"name":"wp","href":"https:\/\/api.w.org\/{rel}","templated":true}]}}