{"id":914,"date":"2023-07-30T17:45:59","date_gmt":"2023-07-30T20:45:59","guid":{"rendered":"https:\/\/blog.geraiscafe.com.br\/?p=914"},"modified":"2023-08-01T23:54:34","modified_gmt":"2023-08-02T02:54:34","slug":"o-papel-do-cafe-na-sociedade-brasileira","status":"publish","type":"post","link":"https:\/\/blog.geraiscafe.com.br\/index.php\/2023\/07\/30\/o-papel-do-cafe-na-sociedade-brasileira\/","title":{"rendered":"O Papel do Caf\u00e9 na Sociedade Brasileira"},"content":{"rendered":"\n<figure class=\"wp-block-image size-large\"><img fetchpriority=\"high\" decoding=\"async\" width=\"1024\" height=\"710\" src=\"https:\/\/blog.geraiscafe.com.br\/wp-content\/uploads\/2023\/07\/mulher-tomando-cafe-brasileira-1-1024x710.jpg\" alt=\"\" class=\"wp-image-918\" srcset=\"https:\/\/blog.geraiscafe.com.br\/wp-content\/uploads\/2023\/07\/mulher-tomando-cafe-brasileira-1-1024x710.jpg 1024w, https:\/\/blog.geraiscafe.com.br\/wp-content\/uploads\/2023\/07\/mulher-tomando-cafe-brasileira-1-300x208.jpg 300w, https:\/\/blog.geraiscafe.com.br\/wp-content\/uploads\/2023\/07\/mulher-tomando-cafe-brasileira-1-768x532.jpg 768w, https:\/\/blog.geraiscafe.com.br\/wp-content\/uploads\/2023\/07\/mulher-tomando-cafe-brasileira-1-750x520.jpg 750w, https:\/\/blog.geraiscafe.com.br\/wp-content\/uploads\/2023\/07\/mulher-tomando-cafe-brasileira-1.jpg 1140w\" sizes=\"(max-width: 1024px) 100vw, 1024px\" \/><figcaption class=\"wp-element-caption\">mulher brasileira tomando um caf\u00e9 pela manh\u00e3 em um ambiente agrad\u00e1vel<\/figcaption><\/figure>\n\n\n\n<h2 class=\"wp-block-heading\">A Energia Que Move o Nosso Dia-a-Dia<\/h2>\n\n\n\n<p class=\"has-medium-font-size\">No cora\u00e7\u00e3o da cultura brasileira, o caf\u00e9 tem um lugar especial, servindo como combust\u00edvel para o nosso dia-a-dia e, mais do que isso, desempenhando um papel fundamental na constru\u00e7\u00e3o da nossa hist\u00f3ria e economia. Neste artigo, iremos explorar como essa deliciosa bebida se entrela\u00e7a com a sociedade brasileira, e porque ela \u00e9 t\u00e3o querida em todo o pa\u00eds.<\/p>\n\n\n\n<p>No Brasil, a hist\u00f3ria do caf\u00e9 se confunde com a pr\u00f3pria hist\u00f3ria do pa\u00eds. Ao longo dos s\u00e9culos, o caf\u00e9 ajudou a moldar nossa identidade e influenciou muitos dos costumes e tradi\u00e7\u00f5es que apreciamos hoje. Com o seu aroma inconfund\u00edvel e sabor marcante, o caf\u00e9 \u00e9 mais do que uma simples bebida &#8211; \u00e9 uma experi\u00eancia, um ritual que compartilhamos com amigos e fam\u00edlia.<\/p>\n\n\n\n<p>A come\u00e7ar pela manh\u00e3, com o costume de servir um caf\u00e9 fresco para despertar o dia. O aroma que se espalha pela casa traz a promessa de um novo dia, repleto de possibilidades. Nesse momento, as primeiras palavras do dia muitas vezes s\u00e3o compartilhadas ao redor de uma x\u00edcara de caf\u00e9, estabelecendo assim, seu lugar como o ponto de partida para o nosso cotidiano.<\/p>\n\n\n\n<p>Al\u00e9m do aspecto cultural, o caf\u00e9 tem um papel significativo na economia brasileira. O Brasil \u00e9 o maior produtor mundial de caf\u00e9, contribuindo com mais de um ter\u00e7o da produ\u00e7\u00e3o mundial. A cadeia produtiva do caf\u00e9 gera milh\u00f5es de empregos, fortalece a economia e alimenta um mercado cada vez mais sofisticado e exigente.<\/p>\n\n\n\n<p>O caf\u00e9 tamb\u00e9m se tornou um s\u00edmbolo de hospitalidade e de momentos de relaxamento. Em todo o pa\u00eds, encontramos cafeterias com ambientes aconchegantes, cada uma com sua personalidade \u00fanica, servindo variedades de caf\u00e9s gourmet, expressos e cappuccinos. Cada gole de caf\u00e9 \u00e9 uma celebra\u00e7\u00e3o do trabalho \u00e1rduo dos agricultores brasileiros e da nossa rica cultura cafeeira.<\/p>\n\n\n\n<p>O impacto social do caf\u00e9 vai al\u00e9m do simples ato de beber. O caf\u00e9 fomenta conversas, aproxima pessoas e ajuda a estabelecer conex\u00f5es. Em muitos ambientes de trabalho, a &#8220;pausa para o caf\u00e9&#8221; \u00e9 um momento valioso de descanso e socializa\u00e7\u00e3o. O caf\u00e9 facilita a comunica\u00e7\u00e3o, oferece um momento de pausa na correria do dia a dia e permite que as pessoas se reconectem consigo mesmas e com os outros.<\/p>\n\n\n\n<p>Por todas essas raz\u00f5es, o caf\u00e9 \u00e9 mais do que uma commodity ou uma bebida popular &#8211; \u00e9 uma parte integral da sociedade brasileira. Com seus profundos la\u00e7os culturais, hist\u00f3ricos e econ\u00f4micos, o caf\u00e9 continua a ser uma fonte de inspira\u00e7\u00e3o, conex\u00e3o e energia para milh\u00f5es de brasileiros todos os dias.<\/p>\n\n\n\n<p>Ent\u00e3o, da pr\u00f3xima vez que voc\u00ea saborear uma x\u00edcara de caf\u00e9, lembre-se do papel importante que essa bebida desempenha em nossa sociedade. Aprecie cada gole e celebre a rica tape\u00e7aria cultural que o caf\u00e9 tece em nossa vida cotidiana.<\/p>\n","protected":false},"excerpt":{"rendered":"<p>A Energia Que Move o Nosso Dia-a-Dia No cora\u00e7\u00e3o da cultura brasileira, o caf\u00e9 tem um lugar especial, servindo como combust\u00edvel para o nosso dia-a-dia e, mais do que isso, desempenhando um papel fundamental na constru\u00e7\u00e3o da nossa hist\u00f3ria e economia. Neste artigo, iremos explorar como essa deliciosa bebida se entrela\u00e7a com a sociedade brasileira, [&hellip;]<\/p>\n","protected":false},"author":1,"featured_media":918,"comment_status":"open","ping_status":"open","sticky":false,"template":"","format":"standard","meta":{"content-type":"","footnotes":"","jnews-multi-image_gallery":[],"jnews_single_post":{"subtitle":"","format":"standard","video":"","gallery":"","source_name":"","source_url":"","via_name":"","via_url":"","override_template":"0","override":[{"template":"3","single_blog_custom":"","parallax":"1","fullscreen":"1","layout":"right-sidebar","sidebar":"sidebar-single-post","second_sidebar":"default-sidebar","sticky_sidebar":"1","share_position":"float","share_float_style":"share-monocrhome","show_share_counter":"1","show_view_counter":"1","show_featured":"1","show_post_meta":"1","show_post_author":"1","show_post_author_image":"1","show_post_date":"1","post_date_format":"default","post_date_format_custom":"Y\/m\/d","show_post_category":"1","show_post_reading_time":"0","post_reading_time_wpm":"300","show_zoom_button":"0","zoom_button_out_step":"2","zoom_button_in_step":"3","show_post_tag":"1","show_prev_next_post":"1","show_popup_post":"1","number_popup_post":"1","show_author_box":"1","show_post_related":"1","show_inline_post_related":"0"}],"override_image_size":"0","image_override":[{"single_post_thumbnail_size":"crop-500","single_post_gallery_size":"crop-500"}],"trending_post":"0","trending_post_position":"meta","trending_post_label":"Trending","sponsored_post":"0","sponsored_post_label":"Sponsored by","sponsored_post_name":"","sponsored_post_url":"","sponsored_post_logo_enable":"0","sponsored_post_logo":"","sponsored_post_desc":"","disable_ad":"0"},"jnews_primary_category":{"id":"98","hide":""},"jnews_social_meta":{"fb_title":"","fb_description":"","fb_image":"918","twitter_title":"","twitter_description":"","twitter_image":""},"jnews_override_counter":{"override_view_counter":"0","view_counter_number":"0","override_share_counter":"0","share_counter_number":"0","override_like_counter":"0","like_counter_number":"0","override_dislike_counter":"0","dislike_counter_number":"0"}},"categories":[98],"tags":[117,123,125,120,122,124,108,126,118,111,119,121],"_links":{"self":[{"href":"https:\/\/blog.geraiscafe.com.br\/index.php\/wp-json\/wp\/v2\/posts\/914"}],"collection":[{"href":"https:\/\/blog.geraiscafe.com.br\/index.php\/wp-json\/wp\/v2\/posts"}],"about":[{"href":"https:\/\/blog.geraiscafe.com.br\/index.php\/wp-json\/wp\/v2\/types\/post"}],"author":[{"embeddable":true,"href":"https:\/\/blog.geraiscafe.com.br\/index.php\/wp-json\/wp\/v2\/users\/1"}],"replies":[{"embeddable":true,"href":"https:\/\/blog.geraiscafe.com.br\/index.php\/wp-json\/wp\/v2\/comments?post=914"}],"version-history":[{"count":4,"href":"https:\/\/blog.geraiscafe.com.br\/index.php\/wp-json\/wp\/v2\/posts\/914\/revisions"}],"predecessor-version":[{"id":960,"href":"https:\/\/blog.geraiscafe.com.br\/index.php\/wp-json\/wp\/v2\/posts\/914\/revisions\/960"}],"wp:featuredmedia":[{"embeddable":true,"href":"https:\/\/blog.geraiscafe.com.br\/index.php\/wp-json\/wp\/v2\/media\/918"}],"wp:attachment":[{"href":"https:\/\/blog.geraiscafe.com.br\/index.php\/wp-json\/wp\/v2\/media?parent=914"}],"wp:term":[{"taxonomy":"category","embeddable":true,"href":"https:\/\/blog.geraiscafe.com.br\/index.php\/wp-json\/wp\/v2\/categories?post=914"},{"taxonomy":"post_tag","embeddable":true,"href":"https:\/\/blog.geraiscafe.com.br\/index.php\/wp-json\/wp\/v2\/tags?post=914"}],"curies":[{"name":"wp","href":"https:\/\/api.w.org\/{rel}","templated":true}]}}