{"id":921,"date":"2023-07-30T18:40:29","date_gmt":"2023-07-30T21:40:29","guid":{"rendered":"https:\/\/blog.geraiscafe.com.br\/?p=921"},"modified":"2023-08-06T15:55:13","modified_gmt":"2023-08-06T18:55:13","slug":"jornada-do-grao-de-cafe-do-plantio-a-xicara","status":"publish","type":"post","link":"https:\/\/blog.geraiscafe.com.br\/index.php\/2023\/07\/30\/jornada-do-grao-de-cafe-do-plantio-a-xicara\/","title":{"rendered":"Jornada do Gr\u00e3o de Caf\u00e9: Do Plantio \u00e0 X\u00edcara"},"content":{"rendered":"\n<p class=\"has-medium-font-size\">Em cada amanhecer, milh\u00f5es de pessoas ao redor do mundo iniciam o seu dia com uma x\u00edcara de caf\u00e9. O aroma e o sabor s\u00e3o incompar\u00e1veis, energizantes e reconfortantes. Mas voc\u00ea j\u00e1 parou para pensar no incr\u00edvel percurso que cada gr\u00e3o de caf\u00e9 faz, desde a sua planta\u00e7\u00e3o at\u00e9 chegar \u00e0 sua x\u00edcara? A jornada do caf\u00e9 \u00e9 fascinante, repleta de cuidado, dedica\u00e7\u00e3o e muita paix\u00e3o. Neste artigo, exploraremos esse processo impressionante, repleto de etapas vitais que definem a qualidade final dessa bebida t\u00e3o amada.<\/p>\n\n\n\n<figure class=\"wp-block-image size-large\"><img fetchpriority=\"high\" decoding=\"async\" width=\"1024\" height=\"710\" src=\"https:\/\/blog.geraiscafe.com.br\/wp-content\/uploads\/2023\/07\/jornada-do-cafe-1024x710.jpg\" alt=\"\" class=\"wp-image-922\" srcset=\"https:\/\/blog.geraiscafe.com.br\/wp-content\/uploads\/2023\/07\/jornada-do-cafe-1024x710.jpg 1024w, https:\/\/blog.geraiscafe.com.br\/wp-content\/uploads\/2023\/07\/jornada-do-cafe-300x208.jpg 300w, https:\/\/blog.geraiscafe.com.br\/wp-content\/uploads\/2023\/07\/jornada-do-cafe-768x532.jpg 768w, https:\/\/blog.geraiscafe.com.br\/wp-content\/uploads\/2023\/07\/jornada-do-cafe-750x520.jpg 750w, https:\/\/blog.geraiscafe.com.br\/wp-content\/uploads\/2023\/07\/jornada-do-cafe.jpg 1140w\" sizes=\"(max-width: 1024px) 100vw, 1024px\" \/><\/figure>\n\n\n\n<h2 class=\"wp-block-heading\">Plantio: O In\u00edcio da Jornada<\/h2>\n\n\n\n<p>Tudo come\u00e7a com o plantio das sementes de caf\u00e9, geralmente realizado em grandes viveiros protegidos. As mudas de caf\u00e9 precisam de um ambiente de calor e umidade para crescer saud\u00e1veis, e cada detalhe conta para a qualidade do gr\u00e3o produzido. A escolha da variedade de caf\u00e9, o tipo de solo, as condi\u00e7\u00f5es clim\u00e1ticas e a altitude onde \u00e9 plantado desempenham um papel crucial na defini\u00e7\u00e3o do sabor final da bebida.<\/p>\n\n\n\n<h2 class=\"wp-block-heading\">Colheita: A Escolha dos Melhores Gr\u00e3os<\/h2>\n\n\n\n<p>Ap\u00f3s meses de crescimento, os frutos do caf\u00e9 &#8211; conhecidos como cerejas do caf\u00e9 &#8211; s\u00e3o colhidos. Este \u00e9 um processo manual e seletivo em muitos lugares, onde apenas as cerejas mais maduras s\u00e3o escolhidas. O tempo de colheita \u00e9 crucial, pois a maturidade da cereja impacta diretamente no sabor final do caf\u00e9.<\/p>\n\n\n\n<h2 class=\"wp-block-heading\">Processamento: Da Cereja ao Gr\u00e3o<\/h2>\n\n\n\n<p>Ap\u00f3s a colheita, os gr\u00e3os de caf\u00e9 s\u00e3o extra\u00eddos das cerejas em um processo chamado despolpamento. Depois, eles passam por uma fase de fermenta\u00e7\u00e3o e s\u00e3o lavados para remover o mucilagem, a camada pegajosa que envolve o gr\u00e3o. Em seguida, os gr\u00e3os s\u00e3o secos ao sol ou em secadores mec\u00e2nicos. Este processo \u00e9 fundamental para real\u00e7ar o aroma e o sabor do caf\u00e9.<\/p>\n\n\n\n<h2 class=\"wp-block-heading\">Torra: O Nascimento do Sabor<\/h2>\n\n\n\n<p>A torra \u00e9 onde a m\u00e1gica acontece. O gr\u00e3o de caf\u00e9 verde \u00e9 transformado em um gr\u00e3o marrom escuro e cheio de sabor. O perfil da torra &#8211; que pode variar de clara a escura &#8211; tem um grande impacto no sabor do caf\u00e9, e cada torrefadora tem seu segredo e t\u00e9cnica para alcan\u00e7ar a perfei\u00e7\u00e3o.<\/p>\n\n\n\n<h2 class=\"wp-block-heading\">Moagem e Prepara\u00e7\u00e3o: A Caminho da X\u00edcara<\/h2>\n\n\n\n<p>Por fim, os gr\u00e3os de caf\u00e9 torrados s\u00e3o mo\u00eddos e preparados para fazer a bebida que tanto amamos. A moagem deve ser feita pouco antes do preparo para garantir a frescura e o aroma do caf\u00e9. E quanto \u00e0 prepara\u00e7\u00e3o, as possibilidades s\u00e3o quase infinitas &#8211; expresso, coado, prensa francesa, aeropress, e muitas outras.<\/p>\n\n\n\n<p>Agora que voc\u00ea conhece a jornada do gr\u00e3o de caf\u00e9, desde o plantio at\u00e9 a x\u00edcara, esperamos que possa apreciar ainda mais a sua pr\u00f3xima x\u00edcara. Afinal, o caf\u00e9 n\u00e3o \u00e9 apenas uma bebida, mas uma celebra\u00e7\u00e3o da natureza, do trabalho \u00e1rduo dos produtores e da rica diversidade de sabores que podemos encontrar em cada gr\u00e3o.<\/p>\n\n\n\n<p>Ent\u00e3o, na pr\u00f3xima vez que saborear seu caf\u00e9, lembre-se da longa e incr\u00edvel jornada que cada gr\u00e3o percorreu para lhe proporcionar esse prazer. E se quiser conhecer mais sobre a cultura do caf\u00e9 e outros assuntos relacionados, continue acompanhando nosso blog!<\/p>\n","protected":false},"excerpt":{"rendered":"<p>Em cada amanhecer, milh\u00f5es de pessoas ao redor do mundo iniciam o seu dia com uma x\u00edcara de caf\u00e9. O aroma e o sabor s\u00e3o incompar\u00e1veis, energizantes e reconfortantes. Mas voc\u00ea j\u00e1 parou para pensar no incr\u00edvel percurso que cada gr\u00e3o de caf\u00e9 faz, desde a sua planta\u00e7\u00e3o at\u00e9 chegar \u00e0 sua x\u00edcara? A jornada [&hellip;]<\/p>\n","protected":false},"author":1,"featured_media":922,"comment_status":"open","ping_status":"open","sticky":false,"template":"","format":"standard","meta":{"content-type":"","footnotes":"","jnews-multi-image_gallery":[],"jnews_single_post":{"subtitle":"","format":"standard","video":"","gallery":"","source_name":"","source_url":"","via_name":"","via_url":"","override_template":"0","override":[{"template":"3","single_blog_custom":"","parallax":"1","fullscreen":"1","layout":"right-sidebar","sidebar":"sidebar-single-post","second_sidebar":"default-sidebar","sticky_sidebar":"1","share_position":"float","share_float_style":"share-monocrhome","show_share_counter":"1","show_view_counter":"1","show_featured":"1","show_post_meta":"1","show_post_author":"1","show_post_author_image":"1","show_post_date":"1","post_date_format":"default","post_date_format_custom":"Y\/m\/d","show_post_category":"1","show_post_reading_time":"0","post_reading_time_wpm":"300","show_zoom_button":"0","zoom_button_out_step":"2","zoom_button_in_step":"3","show_post_tag":"1","show_prev_next_post":"1","show_popup_post":"1","number_popup_post":"1","show_author_box":"1","show_post_related":"1","show_inline_post_related":"0"}],"override_image_size":"0","image_override":[{"single_post_thumbnail_size":"crop-500","single_post_gallery_size":"crop-500"}],"trending_post":"0","trending_post_position":"meta","trending_post_label":"Trending","sponsored_post":"0","sponsored_post_label":"Sponsored by","sponsored_post_name":"","sponsored_post_url":"","sponsored_post_logo_enable":"0","sponsored_post_logo":"","sponsored_post_desc":"","disable_ad":"0"},"jnews_primary_category":{"id":"","hide":""},"jnews_social_meta":{"fb_title":"","fb_description":"","fb_image":"","twitter_title":"","twitter_description":"","twitter_image":""},"jnews_override_counter":{"override_view_counter":"0","view_counter_number":"0","override_share_counter":"0","share_counter_number":"0","override_like_counter":"0","like_counter_number":"0","override_dislike_counter":"0","dislike_counter_number":"0"}},"categories":[98],"tags":[129,128,127,132,131,130],"_links":{"self":[{"href":"https:\/\/blog.geraiscafe.com.br\/index.php\/wp-json\/wp\/v2\/posts\/921"}],"collection":[{"href":"https:\/\/blog.geraiscafe.com.br\/index.php\/wp-json\/wp\/v2\/posts"}],"about":[{"href":"https:\/\/blog.geraiscafe.com.br\/index.php\/wp-json\/wp\/v2\/types\/post"}],"author":[{"embeddable":true,"href":"https:\/\/blog.geraiscafe.com.br\/index.php\/wp-json\/wp\/v2\/users\/1"}],"replies":[{"embeddable":true,"href":"https:\/\/blog.geraiscafe.com.br\/index.php\/wp-json\/wp\/v2\/comments?post=921"}],"version-history":[{"count":3,"href":"https:\/\/blog.geraiscafe.com.br\/index.php\/wp-json\/wp\/v2\/posts\/921\/revisions"}],"predecessor-version":[{"id":985,"href":"https:\/\/blog.geraiscafe.com.br\/index.php\/wp-json\/wp\/v2\/posts\/921\/revisions\/985"}],"wp:featuredmedia":[{"embeddable":true,"href":"https:\/\/blog.geraiscafe.com.br\/index.php\/wp-json\/wp\/v2\/media\/922"}],"wp:attachment":[{"href":"https:\/\/blog.geraiscafe.com.br\/index.php\/wp-json\/wp\/v2\/media?parent=921"}],"wp:term":[{"taxonomy":"category","embeddable":true,"href":"https:\/\/blog.geraiscafe.com.br\/index.php\/wp-json\/wp\/v2\/categories?post=921"},{"taxonomy":"post_tag","embeddable":true,"href":"https:\/\/blog.geraiscafe.com.br\/index.php\/wp-json\/wp\/v2\/tags?post=921"}],"curies":[{"name":"wp","href":"https:\/\/api.w.org\/{rel}","templated":true}]}}