{"id":924,"date":"2023-07-31T07:30:00","date_gmt":"2023-07-31T10:30:00","guid":{"rendered":"https:\/\/blog.geraiscafe.com.br\/?p=924"},"modified":"2023-08-01T23:52:41","modified_gmt":"2023-08-02T02:52:41","slug":"conheca-as-diferentes-especies-de-cafe-arabica-robusta-e-alem","status":"publish","type":"post","link":"https:\/\/blog.geraiscafe.com.br\/index.php\/2023\/07\/31\/conheca-as-diferentes-especies-de-cafe-arabica-robusta-e-alem\/","title":{"rendered":"Conhe\u00e7a as Diferentes Esp\u00e9cies de Caf\u00e9: Ar\u00e1bica, Robusta e Al\u00e9m"},"content":{"rendered":"\n<figure class=\"wp-block-image size-large\"><img fetchpriority=\"high\" decoding=\"async\" width=\"1024\" height=\"710\" src=\"https:\/\/blog.geraiscafe.com.br\/wp-content\/uploads\/2023\/07\/cafe-robusta-x-arabica-1024x710.jpg\" alt=\"\" class=\"wp-image-925\" srcset=\"https:\/\/blog.geraiscafe.com.br\/wp-content\/uploads\/2023\/07\/cafe-robusta-x-arabica-1024x710.jpg 1024w, https:\/\/blog.geraiscafe.com.br\/wp-content\/uploads\/2023\/07\/cafe-robusta-x-arabica-300x208.jpg 300w, https:\/\/blog.geraiscafe.com.br\/wp-content\/uploads\/2023\/07\/cafe-robusta-x-arabica-768x532.jpg 768w, https:\/\/blog.geraiscafe.com.br\/wp-content\/uploads\/2023\/07\/cafe-robusta-x-arabica-750x520.jpg 750w, https:\/\/blog.geraiscafe.com.br\/wp-content\/uploads\/2023\/07\/cafe-robusta-x-arabica.jpg 1140w\" sizes=\"(max-width: 1024px) 100vw, 1024px\" \/><\/figure>\n\n\n\n<p class=\"has-medium-font-size\">A arte de saborear uma boa x\u00edcara de caf\u00e9 transcende as fronteiras do simples h\u00e1bito matinal. Trata-se de um rito prazeroso, que cativa milh\u00f5es de pessoas ao redor do mundo, que sabem reconhecer a riqueza que envolve este pequeno gr\u00e3o. E assim como o vinho, o caf\u00e9 possui uma vasta diversidade de esp\u00e9cies, cada uma com suas caracter\u00edsticas \u00fanicas. Hoje, vamos explorar os mundos do Caf\u00e9 Ar\u00e1bica, Robusta e muito mais.<\/p>\n\n\n\n<h2 class=\"wp-block-heading\">Caf\u00e9 Ar\u00e1bica: A Rainha das Esp\u00e9cies de Caf\u00e9<\/h2>\n\n\n\n<p>O caf\u00e9 Ar\u00e1bica, origin\u00e1rio das altas montanhas da Eti\u00f3pia, \u00e9 conhecido como a &#8220;rainha das esp\u00e9cies de caf\u00e9&#8221;. Representando cerca de 60% da produ\u00e7\u00e3o mundial de caf\u00e9, o Ar\u00e1bica \u00e9 amado pela sua acidez vibrante, corpo leve a m\u00e9dio, e sabores que variam de frutados a achocolatados. \u00c9 um caf\u00e9 para os apreciadores de um sabor suave, mas ao mesmo tempo profundo e complexo.<\/p>\n\n\n\n<p>A delicadeza dos gr\u00e3os de Ar\u00e1bica requer um clima fresco, chuvas abundantes e altitudes elevadas para prosperar. Os caf\u00e9s produzidos no Brasil, Col\u00f4mbia e Costa Rica s\u00e3o amplamente reconhecidos pela sua qualidade superior, gra\u00e7as \u00e0 combina\u00e7\u00e3o perfeita desses fatores.<\/p>\n\n\n\n<h2 class=\"wp-block-heading\">Caf\u00e9 Robusta: A Pot\u00eancia do Caf\u00e9<\/h2>\n\n\n\n<p>De origem africana, o caf\u00e9 Robusta, como o pr\u00f3prio nome indica, \u00e9 uma esp\u00e9cie robusta em termos de resist\u00eancia a doen\u00e7as e pragas. Gra\u00e7as \u00e0 sua alta concentra\u00e7\u00e3o de cafe\u00edna, que \u00e9 um composto natural repelente a insetos, o Robusta pode prosperar em climas mais quentes e a altitudes mais baixas.<\/p>\n\n\n\n<p>O Robusta \u00e9 conhecido pela sua intensidade. Com o dobro da cafe\u00edna do Ar\u00e1bica, tem um sabor forte, encorpado e um toque amargo que o distingue. \u00c9 ideal para quem gosta de um caf\u00e9 forte para acordar de manh\u00e3, sendo frequentemente usado em blends para expresso.<\/p>\n\n\n\n<h2 class=\"wp-block-heading\">Al\u00e9m do Ar\u00e1bica e Robusta<\/h2>\n\n\n\n<p>Al\u00e9m do Ar\u00e1bica e do Robusta, existem outras esp\u00e9cies de caf\u00e9 menos conhecidas, mas igualmente deliciosas. Por exemplo, o caf\u00e9 Liberica, nativo da \u00c1frica Ocidental, tem um sabor \u00fanico, frutado e floral, enquanto o Excelsa, tamb\u00e9m africano, \u00e9 conhecido pelo seu sabor complexo e corpo completo.<\/p>\n\n\n\n<h2 class=\"wp-block-heading\">Em Conclus\u00e3o<\/h2>\n\n\n\n<p>A rica diversidade de esp\u00e9cies de caf\u00e9 oferece uma infinita variedade de sabores, aromas e experi\u00eancias. O fasc\u00ednio do caf\u00e9 est\u00e1 na sua complexidade e na sua capacidade de nos surpreender com cada gole. Da suavidade do Ar\u00e1bica \u00e0 pot\u00eancia do Robusta, cada x\u00edcara conta uma hist\u00f3ria diferente.<\/p>\n\n\n\n<p>E voc\u00ea, j\u00e1 sabe qual a sua esp\u00e9cie de caf\u00e9 favorita? Experimente, aventure-se e descubra um universo inteiro de sabores em cada gr\u00e3o de caf\u00e9.<\/p>\n","protected":false},"excerpt":{"rendered":"<p>A arte de saborear uma boa x\u00edcara de caf\u00e9 transcende as fronteiras do simples h\u00e1bito matinal. Trata-se de um rito prazeroso, que cativa milh\u00f5es de pessoas ao redor do mundo, que sabem reconhecer a riqueza que envolve este pequeno gr\u00e3o. E assim como o vinho, o caf\u00e9 possui uma vasta diversidade de esp\u00e9cies, cada uma [&hellip;]<\/p>\n","protected":false},"author":1,"featured_media":925,"comment_status":"open","ping_status":"open","sticky":false,"template":"","format":"standard","meta":{"content-type":"","footnotes":"","jnews-multi-image_gallery":[],"jnews_single_post":{"subtitle":"","format":"standard","video":"","gallery":"","source_name":"","source_url":"","via_name":"","via_url":"","override_template":"0","override":[{"template":"3","single_blog_custom":"","parallax":"1","fullscreen":"1","layout":"right-sidebar","sidebar":"sidebar-single-post","second_sidebar":"default-sidebar","sticky_sidebar":"1","share_position":"float","share_float_style":"share-monocrhome","show_share_counter":"1","show_view_counter":"1","show_featured":"1","show_post_meta":"1","show_post_author":"1","show_post_author_image":"1","show_post_date":"1","post_date_format":"default","post_date_format_custom":"Y\/m\/d","show_post_category":"1","show_post_reading_time":"0","post_reading_time_wpm":"300","show_zoom_button":"0","zoom_button_out_step":"2","zoom_button_in_step":"3","show_post_tag":"1","show_prev_next_post":"1","show_popup_post":"1","number_popup_post":"1","show_author_box":"1","show_post_related":"1","show_inline_post_related":"0"}],"override_image_size":"0","image_override":[{"single_post_thumbnail_size":"crop-500","single_post_gallery_size":"crop-500"}],"trending_post":"0","trending_post_position":"meta","trending_post_label":"Trending","sponsored_post":"0","sponsored_post_label":"Sponsored by","sponsored_post_name":"","sponsored_post_url":"","sponsored_post_logo_enable":"0","sponsored_post_logo":"","sponsored_post_desc":"","disable_ad":"0"},"jnews_primary_category":{"id":"","hide":""},"jnews_social_meta":{"fb_title":"","fb_description":"","fb_image":"","twitter_title":"","twitter_description":"","twitter_image":""},"jnews_override_counter":{"override_view_counter":"0","view_counter_number":"0","override_share_counter":"0","share_counter_number":"0","override_like_counter":"0","like_counter_number":"0","override_dislike_counter":"0","dislike_counter_number":"0"}},"categories":[98],"tags":[137,110,122,136,135,139,133,138,134],"_links":{"self":[{"href":"https:\/\/blog.geraiscafe.com.br\/index.php\/wp-json\/wp\/v2\/posts\/924"}],"collection":[{"href":"https:\/\/blog.geraiscafe.com.br\/index.php\/wp-json\/wp\/v2\/posts"}],"about":[{"href":"https:\/\/blog.geraiscafe.com.br\/index.php\/wp-json\/wp\/v2\/types\/post"}],"author":[{"embeddable":true,"href":"https:\/\/blog.geraiscafe.com.br\/index.php\/wp-json\/wp\/v2\/users\/1"}],"replies":[{"embeddable":true,"href":"https:\/\/blog.geraiscafe.com.br\/index.php\/wp-json\/wp\/v2\/comments?post=924"}],"version-history":[{"count":2,"href":"https:\/\/blog.geraiscafe.com.br\/index.php\/wp-json\/wp\/v2\/posts\/924\/revisions"}],"predecessor-version":[{"id":957,"href":"https:\/\/blog.geraiscafe.com.br\/index.php\/wp-json\/wp\/v2\/posts\/924\/revisions\/957"}],"wp:featuredmedia":[{"embeddable":true,"href":"https:\/\/blog.geraiscafe.com.br\/index.php\/wp-json\/wp\/v2\/media\/925"}],"wp:attachment":[{"href":"https:\/\/blog.geraiscafe.com.br\/index.php\/wp-json\/wp\/v2\/media?parent=924"}],"wp:term":[{"taxonomy":"category","embeddable":true,"href":"https:\/\/blog.geraiscafe.com.br\/index.php\/wp-json\/wp\/v2\/categories?post=924"},{"taxonomy":"post_tag","embeddable":true,"href":"https:\/\/blog.geraiscafe.com.br\/index.php\/wp-json\/wp\/v2\/tags?post=924"}],"curies":[{"name":"wp","href":"https:\/\/api.w.org\/{rel}","templated":true}]}}