{"id":930,"date":"2023-07-31T20:11:16","date_gmt":"2023-07-31T23:11:16","guid":{"rendered":"https:\/\/blog.geraiscafe.com.br\/?p=930"},"modified":"2023-08-01T23:52:56","modified_gmt":"2023-08-02T02:52:56","slug":"a-incrivel-relacao-entre-o-clima-e-a-qualidade-do-seu-cafe","status":"publish","type":"post","link":"https:\/\/blog.geraiscafe.com.br\/index.php\/2023\/07\/31\/a-incrivel-relacao-entre-o-clima-e-a-qualidade-do-seu-cafe\/","title":{"rendered":"A Incr\u00edvel Rela\u00e7\u00e3o Entre o Clima e a Qualidade do Seu Caf\u00e9"},"content":{"rendered":"\n<figure class=\"wp-block-image size-large\"><img fetchpriority=\"high\" decoding=\"async\" width=\"1024\" height=\"710\" src=\"https:\/\/blog.geraiscafe.com.br\/wp-content\/uploads\/2023\/07\/cafezal-montanhas-de-Minas-Gerais-1024x710.jpg\" alt=\"Fazenda de caf\u00e9 nas montanhas de Minas Gerais\" class=\"wp-image-931\" srcset=\"https:\/\/blog.geraiscafe.com.br\/wp-content\/uploads\/2023\/07\/cafezal-montanhas-de-Minas-Gerais-1024x710.jpg 1024w, https:\/\/blog.geraiscafe.com.br\/wp-content\/uploads\/2023\/07\/cafezal-montanhas-de-Minas-Gerais-300x208.jpg 300w, https:\/\/blog.geraiscafe.com.br\/wp-content\/uploads\/2023\/07\/cafezal-montanhas-de-Minas-Gerais-768x532.jpg 768w, https:\/\/blog.geraiscafe.com.br\/wp-content\/uploads\/2023\/07\/cafezal-montanhas-de-Minas-Gerais-750x520.jpg 750w, https:\/\/blog.geraiscafe.com.br\/wp-content\/uploads\/2023\/07\/cafezal-montanhas-de-Minas-Gerais.jpg 1140w\" sizes=\"(max-width: 1024px) 100vw, 1024px\" \/><\/figure>\n\n\n\n<p class=\"has-medium-font-size\">Em meio \u00e0 bruma do despertar matinal, o aroma inebriante do caf\u00e9 \u00e9 um convite irrecus\u00e1vel para come\u00e7ar o dia. Quer seja um entusiasta do caf\u00e9, um apreciador ocasional ou um barista profissional, o sabor \u00fanico, rico e sedutor do caf\u00e9 \u00e9 um prazer sensorial que transcende fronteiras. Mas, voc\u00ea j\u00e1 se perguntou o que realmente determina a qualidade do seu caf\u00e9? As palavras-chave por tr\u00e1s dessa inc\u00f3gnita s\u00e3o &#8220;clima&#8221; e &#8220;caf\u00e9&#8221;.<\/p>\n\n\n\n<p>Seja nas altas terras da Col\u00f4mbia, nos solos vulc\u00e2nicos da Costa Rica, nas montanhas do Qu\u00eania ou nas serras de Minas Gerais, o clima desempenha um papel crucial na qualidade dos gr\u00e3os de caf\u00e9 que eventualmente aterrissam na sua x\u00edcara. Portanto, se voc\u00ea \u00e9 um amante de caf\u00e9 apaixonado, vale a pena entender como o clima influencia a qualidade do seu caf\u00e9.<\/p>\n\n\n\n<p>O caf\u00e9 \u00e9 uma cultura subtropical, preferindo condi\u00e7\u00f5es de clima quente e \u00famido para florescer. No entanto, a palavra-chave aqui \u00e9 &#8220;subtropical&#8221;. Os gr\u00e3os de caf\u00e9 de alta qualidade geralmente requerem uma combina\u00e7\u00e3o espec\u00edfica de calor e frio.<\/p>\n\n\n\n<p>Durante o dia, o caf\u00e9 precisa de temperaturas quentes (mas n\u00e3o muito quentes), de cerca de 18 a 24 graus Celsius, para um crescimento \u00f3timo. \u00c0 noite, um per\u00edodo mais frio, com temperaturas que caem para cerca de 15 graus Celsius, \u00e9 ideal. Esta oscila\u00e7\u00e3o diurna de temperatura contribui para a densidade dos gr\u00e3os de caf\u00e9, uma qualidade desejada pelos apreciadores de caf\u00e9 de todo o mundo.<\/p>\n\n\n\n<p>A umidade tamb\u00e9m \u00e9 essencial. As planta\u00e7\u00f5es de caf\u00e9 precisam de muita \u00e1gua, mas tamb\u00e9m de per\u00edodos de seca para permitir que os gr\u00e3os de caf\u00e9 amadure\u00e7am adequadamente e sejam colhidos. Esses ciclos de umidade e seca s\u00e3o muito influenciados pelo clima regional, impactando diretamente a qualidade do caf\u00e9 produzido.<\/p>\n\n\n\n<p>Os padr\u00f5es clim\u00e1ticos irregulares causados pelas mudan\u00e7as clim\u00e1ticas representam um desafio consider\u00e1vel para a ind\u00fastria do caf\u00e9. Aumentos na temperatura, mudan\u00e7as nos padr\u00f5es de chuva e a crescente amea\u00e7a de pragas e doen\u00e7as devido a essas mudan\u00e7as clim\u00e1ticas podem levar \u00e0 queda na qualidade do caf\u00e9.<\/p>\n\n\n\n<p>Mas, \u00e9 aqui que a resili\u00eancia da comunidade do caf\u00e9 brilha. Produtores, agr\u00f4nomos e cientistas de todo o mundo est\u00e3o trabalhando juntos para encontrar solu\u00e7\u00f5es para enfrentar esses desafios. Seja atrav\u00e9s do desenvolvimento de variedades de caf\u00e9 resistentes ao clima, de t\u00e9cnicas de manejo agr\u00edcola inovadoras ou de novas tecnologias, a ind\u00fastria do caf\u00e9 est\u00e1 empenhada em garantir que cada gole de caf\u00e9 continue sendo uma experi\u00eancia excepcional.<\/p>\n\n\n\n<p>Ent\u00e3o, da pr\u00f3xima vez que voc\u00ea saborear seu caf\u00e9, lembre-se do clima. Lembre-se das chuvas e do sol, das noites frias e dos dias quentes que deram vida ao seu gr\u00e3o de caf\u00e9. E talvez, apenas talvez, seu caf\u00e9 matinal ter\u00e1 um sabor ainda mais rico. Porque agora, voc\u00ea n\u00e3o s\u00f3 bebe o caf\u00e9, voc\u00ea aprecia a jornada do gr\u00e3o \u00e0 x\u00edcara.<\/p>\n","protected":false},"excerpt":{"rendered":"<p>Em meio \u00e0 bruma do despertar matinal, o aroma inebriante do caf\u00e9 \u00e9 um convite irrecus\u00e1vel para come\u00e7ar o dia. Quer seja um entusiasta do caf\u00e9, um apreciador ocasional ou um barista profissional, o sabor \u00fanico, rico e sedutor do caf\u00e9 \u00e9 um prazer sensorial que transcende fronteiras. Mas, voc\u00ea j\u00e1 se perguntou o que [&hellip;]<\/p>\n","protected":false},"author":1,"featured_media":931,"comment_status":"open","ping_status":"open","sticky":false,"template":"","format":"standard","meta":{"content-type":"","footnotes":"","jnews-multi-image_gallery":[],"jnews_single_post":{"subtitle":"","format":"standard","video":"","gallery":"","source_name":"","source_url":"","via_name":"","via_url":"","override_template":"0","override":[{"template":"3","single_blog_custom":"","parallax":"1","fullscreen":"1","layout":"right-sidebar","sidebar":"sidebar-single-post","second_sidebar":"default-sidebar","sticky_sidebar":"1","share_position":"float","share_float_style":"share-monocrhome","show_share_counter":"1","show_view_counter":"1","show_featured":"1","show_post_meta":"1","show_post_author":"1","show_post_author_image":"1","show_post_date":"1","post_date_format":"default","post_date_format_custom":"Y\/m\/d","show_post_category":"1","show_post_reading_time":"0","post_reading_time_wpm":"300","show_zoom_button":"0","zoom_button_out_step":"2","zoom_button_in_step":"3","show_post_tag":"1","show_prev_next_post":"1","show_popup_post":"1","number_popup_post":"1","show_author_box":"1","show_post_related":"1","show_inline_post_related":"0"}],"override_image_size":"0","image_override":[{"single_post_thumbnail_size":"crop-500","single_post_gallery_size":"crop-500"}],"trending_post":"0","trending_post_position":"meta","trending_post_label":"Trending","sponsored_post":"0","sponsored_post_label":"Sponsored by","sponsored_post_name":"","sponsored_post_url":"","sponsored_post_logo_enable":"0","sponsored_post_logo":"","sponsored_post_desc":"","disable_ad":"0"},"jnews_primary_category":{"id":"","hide":""},"jnews_social_meta":{"fb_title":"","fb_description":"","fb_image":"","twitter_title":"","twitter_description":"","twitter_image":""},"jnews_override_counter":{"override_view_counter":"0","view_counter_number":"0","override_share_counter":"0","share_counter_number":"0","override_like_counter":"0","like_counter_number":"0","override_dislike_counter":"0","dislike_counter_number":"0"}},"categories":[98],"tags":[110,143,141,142,144,145,140],"_links":{"self":[{"href":"https:\/\/blog.geraiscafe.com.br\/index.php\/wp-json\/wp\/v2\/posts\/930"}],"collection":[{"href":"https:\/\/blog.geraiscafe.com.br\/index.php\/wp-json\/wp\/v2\/posts"}],"about":[{"href":"https:\/\/blog.geraiscafe.com.br\/index.php\/wp-json\/wp\/v2\/types\/post"}],"author":[{"embeddable":true,"href":"https:\/\/blog.geraiscafe.com.br\/index.php\/wp-json\/wp\/v2\/users\/1"}],"replies":[{"embeddable":true,"href":"https:\/\/blog.geraiscafe.com.br\/index.php\/wp-json\/wp\/v2\/comments?post=930"}],"version-history":[{"count":3,"href":"https:\/\/blog.geraiscafe.com.br\/index.php\/wp-json\/wp\/v2\/posts\/930\/revisions"}],"predecessor-version":[{"id":958,"href":"https:\/\/blog.geraiscafe.com.br\/index.php\/wp-json\/wp\/v2\/posts\/930\/revisions\/958"}],"wp:featuredmedia":[{"embeddable":true,"href":"https:\/\/blog.geraiscafe.com.br\/index.php\/wp-json\/wp\/v2\/media\/931"}],"wp:attachment":[{"href":"https:\/\/blog.geraiscafe.com.br\/index.php\/wp-json\/wp\/v2\/media?parent=930"}],"wp:term":[{"taxonomy":"category","embeddable":true,"href":"https:\/\/blog.geraiscafe.com.br\/index.php\/wp-json\/wp\/v2\/categories?post=930"},{"taxonomy":"post_tag","embeddable":true,"href":"https:\/\/blog.geraiscafe.com.br\/index.php\/wp-json\/wp\/v2\/tags?post=930"}],"curies":[{"name":"wp","href":"https:\/\/api.w.org\/{rel}","templated":true}]}}