{"id":933,"date":"2023-08-01T08:32:27","date_gmt":"2023-08-01T11:32:27","guid":{"rendered":"https:\/\/blog.geraiscafe.com.br\/?p=933"},"modified":"2023-08-03T21:24:20","modified_gmt":"2023-08-04T00:24:20","slug":"como-a-agua-pura-transforma-a-experiencia-com-o-cafe","status":"publish","type":"post","link":"https:\/\/blog.geraiscafe.com.br\/index.php\/2023\/08\/01\/como-a-agua-pura-transforma-a-experiencia-com-o-cafe\/","title":{"rendered":"Como a \u00c1gua Pura Transforma a Experi\u00eancia com o Caf\u00e9"},"content":{"rendered":"\n<p class=\"has-medium-font-size\">Os apaixonados por caf\u00e9 sabem que cada etapa no processo de preparo da bebida pode fazer uma diferen\u00e7a significativa no sabor final. No entanto, um elemento frequentemente subestimado \u00e9 a \u00e1gua usada para fazer o caf\u00e9. A qualidade da \u00e1gua pode ter um impacto direto na qualidade do caf\u00e9 que voc\u00ea bebe todos os dias. Vamos explorar a import\u00e2ncia da \u00e1gua na prepara\u00e7\u00e3o do caf\u00e9 e como ela pode transformar sua experi\u00eancia com a bebida.<\/p>\n\n\n\n<figure class=\"wp-block-image size-large\"><img fetchpriority=\"high\" decoding=\"async\" width=\"1024\" height=\"710\" src=\"https:\/\/blog.geraiscafe.com.br\/wp-content\/uploads\/2023\/08\/preparo-cafe-com-agua-pura-1024x710.jpg\" alt=\"\" class=\"wp-image-935\" srcset=\"https:\/\/blog.geraiscafe.com.br\/wp-content\/uploads\/2023\/08\/preparo-cafe-com-agua-pura-1024x710.jpg 1024w, https:\/\/blog.geraiscafe.com.br\/wp-content\/uploads\/2023\/08\/preparo-cafe-com-agua-pura-300x208.jpg 300w, https:\/\/blog.geraiscafe.com.br\/wp-content\/uploads\/2023\/08\/preparo-cafe-com-agua-pura-768x532.jpg 768w, https:\/\/blog.geraiscafe.com.br\/wp-content\/uploads\/2023\/08\/preparo-cafe-com-agua-pura-750x520.jpg 750w, https:\/\/blog.geraiscafe.com.br\/wp-content\/uploads\/2023\/08\/preparo-cafe-com-agua-pura.jpg 1140w\" sizes=\"(max-width: 1024px) 100vw, 1024px\" \/><\/figure>\n\n\n\n<h2 class=\"wp-block-heading\">\u00c1gua e Caf\u00e9: O Duo Insepar\u00e1vel<\/h2>\n\n\n\n<p>Cerca de 98% de uma x\u00edcara de caf\u00e9 \u00e9 \u00e1gua. Essa propor\u00e7\u00e3o j\u00e1 nos mostra a import\u00e2ncia vital desse componente. A \u00e1gua \u00e9 o solvente que extrai os compostos arom\u00e1ticos e sabores do caf\u00e9 durante o processo de prepara\u00e7\u00e3o. Portanto, a qualidade e as caracter\u00edsticas da \u00e1gua usada no preparo do caf\u00e9 desempenham um papel fundamental na defini\u00e7\u00e3o do sabor final.<\/p>\n\n\n\n<h2 class=\"wp-block-heading\">A Composi\u00e7\u00e3o da \u00c1gua Importa<\/h2>\n\n\n\n<p>A composi\u00e7\u00e3o qu\u00edmica da \u00e1gua pode afetar diretamente o sabor do caf\u00e9. Elementos como c\u00e1lcio, magn\u00e9sio e bicarbonatos na \u00e1gua podem real\u00e7ar ou obscurecer certos sabores e aromas no caf\u00e9.<\/p>\n\n\n\n<p>A \u00e1gua rica em magn\u00e9sio tende a real\u00e7ar a do\u00e7ura e a complexidade dos sabores do caf\u00e9, enquanto o c\u00e1lcio contribui para a &#8220;corpo&#8221; do caf\u00e9. Por outro lado, os bicarbonatos podem neutralizar a acidez do caf\u00e9, afetando o equil\u00edbrio dos sabores.<\/p>\n\n\n\n<p>Ent\u00e3o, o que isso significa para os amantes do caf\u00e9? Em termos simples, o caf\u00e9 preparado com \u00e1gua dura (rica em minerais) pode ter um sabor mais forte e robusto, enquanto a \u00e1gua mole pode resultar em um caf\u00e9 mais suave e menos \u00e1cido.<\/p>\n\n\n\n<h2 class=\"wp-block-heading\">\u00c1gua Pura e Filtrada: Um Pr\u00e9-Requisito para um Caf\u00e9 Perfeito<\/h2>\n\n\n\n<p>Usar \u00e1gua pura e filtrada para preparar o caf\u00e9 \u00e9 uma pr\u00e1tica recomendada para obter o melhor sabor poss\u00edvel. A \u00e1gua filtrada reduz a presen\u00e7a de impurezas e cloro, que podem interferir no sabor do caf\u00e9.<\/p>\n\n\n\n<p>A \u00e1gua pura tamb\u00e9m protege seu equipamento de caf\u00e9. A \u00e1gua dura pode deixar dep\u00f3sitos minerais em sua m\u00e1quina de caf\u00e9 ao longo do tempo, afetando seu desempenho e vida \u00fatil.<\/p>\n\n\n\n<h2 class=\"wp-block-heading\">A Temperatura da \u00c1gua: Um Jogo Delicado<\/h2>\n\n\n\n<p>Al\u00e9m da qualidade da \u00e1gua, a temperatura da \u00e1gua tamb\u00e9m \u00e9 um fator crucial no preparo do caf\u00e9. A temperatura ideal para a extra\u00e7\u00e3o do caf\u00e9 \u00e9 geralmente entre 90-96\u00b0C. Uma temperatura mais alta pode resultar em superextra\u00e7\u00e3o, tornando o caf\u00e9 amargo, enquanto uma temperatura mais baixa pode levar \u00e0 subextra\u00e7\u00e3o, resultando em um caf\u00e9 aguado.<\/p>\n\n\n\n<h2 class=\"wp-block-heading\">Conclus\u00e3o<\/h2>\n\n\n\n<p>A \u00e1gua pode ser um componente subestimado na prepara\u00e7\u00e3o do caf\u00e9, mas sua import\u00e2ncia n\u00e3o pode ser subestimada. O uso de \u00e1gua pura, filtrada e na temperatura correta pode fazer uma grande diferen\u00e7a no sabor do seu caf\u00e9. Portanto, da pr\u00f3xima vez que voc\u00ea for preparar seu caf\u00e9, considere a qualidade da \u00e1gua que voc\u00ea est\u00e1 usando. Pode ser o segredo para o caf\u00e9 perfeito que voc\u00ea tem procurado!<\/p>\n","protected":false},"excerpt":{"rendered":"<p>Os apaixonados por caf\u00e9 sabem que cada etapa no processo de preparo da bebida pode fazer uma diferen\u00e7a significativa no sabor final. No entanto, um elemento frequentemente subestimado \u00e9 a \u00e1gua usada para fazer o caf\u00e9. A qualidade da \u00e1gua pode ter um impacto direto na qualidade do caf\u00e9 que voc\u00ea bebe todos os dias. [&hellip;]<\/p>\n","protected":false},"author":1,"featured_media":935,"comment_status":"open","ping_status":"open","sticky":false,"template":"","format":"standard","meta":{"content-type":"","footnotes":"","jnews-multi-image_gallery":[],"jnews_single_post":{"subtitle":"","format":"standard","video":"","gallery":"","source_name":"","source_url":"","via_name":"","via_url":"","override_template":"0","override":[{"template":"3","single_blog_custom":"","parallax":"1","fullscreen":"1","layout":"right-sidebar","sidebar":"sidebar-single-post","second_sidebar":"default-sidebar","sticky_sidebar":"1","share_position":"float","share_float_style":"share-monocrhome","show_share_counter":"1","show_view_counter":"1","show_featured":"1","show_post_meta":"1","show_post_author":"1","show_post_author_image":"1","show_post_date":"1","post_date_format":"default","post_date_format_custom":"Y\/m\/d","show_post_category":"1","show_post_reading_time":"0","post_reading_time_wpm":"300","show_zoom_button":"0","zoom_button_out_step":"2","zoom_button_in_step":"3","show_post_tag":"1","show_prev_next_post":"1","show_popup_post":"1","number_popup_post":"1","show_author_box":"1","show_post_related":"1","show_inline_post_related":"0"}],"override_image_size":"0","image_override":[{"single_post_thumbnail_size":"crop-500","single_post_gallery_size":"crop-500"}],"trending_post":"0","trending_post_position":"meta","trending_post_label":"Trending","sponsored_post":"0","sponsored_post_label":"Sponsored by","sponsored_post_name":"","sponsored_post_url":"","sponsored_post_logo_enable":"0","sponsored_post_logo":"","sponsored_post_desc":"","disable_ad":"0"},"jnews_primary_category":{"id":"","hide":""},"jnews_social_meta":{"fb_title":"","fb_description":"","fb_image":"","twitter_title":"","twitter_description":"","twitter_image":""},"jnews_override_counter":{"override_view_counter":"0","view_counter_number":"0","override_share_counter":"0","share_counter_number":"0","override_like_counter":"0","like_counter_number":"0","override_dislike_counter":"0","dislike_counter_number":"0"}},"categories":[100],"tags":[147,110,149,146,148],"_links":{"self":[{"href":"https:\/\/blog.geraiscafe.com.br\/index.php\/wp-json\/wp\/v2\/posts\/933"}],"collection":[{"href":"https:\/\/blog.geraiscafe.com.br\/index.php\/wp-json\/wp\/v2\/posts"}],"about":[{"href":"https:\/\/blog.geraiscafe.com.br\/index.php\/wp-json\/wp\/v2\/types\/post"}],"author":[{"embeddable":true,"href":"https:\/\/blog.geraiscafe.com.br\/index.php\/wp-json\/wp\/v2\/users\/1"}],"replies":[{"embeddable":true,"href":"https:\/\/blog.geraiscafe.com.br\/index.php\/wp-json\/wp\/v2\/comments?post=933"}],"version-history":[{"count":5,"href":"https:\/\/blog.geraiscafe.com.br\/index.php\/wp-json\/wp\/v2\/posts\/933\/revisions"}],"predecessor-version":[{"id":973,"href":"https:\/\/blog.geraiscafe.com.br\/index.php\/wp-json\/wp\/v2\/posts\/933\/revisions\/973"}],"wp:featuredmedia":[{"embeddable":true,"href":"https:\/\/blog.geraiscafe.com.br\/index.php\/wp-json\/wp\/v2\/media\/935"}],"wp:attachment":[{"href":"https:\/\/blog.geraiscafe.com.br\/index.php\/wp-json\/wp\/v2\/media?parent=933"}],"wp:term":[{"taxonomy":"category","embeddable":true,"href":"https:\/\/blog.geraiscafe.com.br\/index.php\/wp-json\/wp\/v2\/categories?post=933"},{"taxonomy":"post_tag","embeddable":true,"href":"https:\/\/blog.geraiscafe.com.br\/index.php\/wp-json\/wp\/v2\/tags?post=933"}],"curies":[{"name":"wp","href":"https:\/\/api.w.org\/{rel}","templated":true}]}}