{"id":966,"date":"2023-08-03T17:34:15","date_gmt":"2023-08-03T20:34:15","guid":{"rendered":"https:\/\/blog.geraiscafe.com.br\/?p=966"},"modified":"2023-08-03T21:23:49","modified_gmt":"2023-08-04T00:23:49","slug":"o-impacto-do-cafe-na-economia-global-o-combustivel-da-economia-moderna","status":"publish","type":"post","link":"https:\/\/blog.geraiscafe.com.br\/index.php\/2023\/08\/03\/o-impacto-do-cafe-na-economia-global-o-combustivel-da-economia-moderna\/","title":{"rendered":"O Impacto do Caf\u00e9 na Economia Global: O Combust\u00edvel da Economia Moderna"},"content":{"rendered":"\n<p class=\"has-medium-font-size\">Embora muitos de n\u00f3s n\u00e3o consigamos come\u00e7ar o dia sem uma x\u00edcara de caf\u00e9 quente, poucos de n\u00f3s paramos para considerar o enorme impacto que essa simples x\u00edcara de caf\u00e9 tem na economia global. O caf\u00e9 \u00e9, sem d\u00favida, um dos produtos agr\u00edcolas mais comercializados no mundo, e sua presen\u00e7a quase onipresente em nossas vidas cotidianas ilustra sua import\u00e2ncia econ\u00f4mica. Vamos explorar o impacto do caf\u00e9 na economia global e como ele molda nossa sociedade moderna.<\/p>\n\n\n\n<figure class=\"wp-block-image size-large\"><img fetchpriority=\"high\" decoding=\"async\" width=\"1024\" height=\"710\" src=\"https:\/\/blog.geraiscafe.com.br\/wp-content\/uploads\/2023\/08\/cafe-e-economia-1024x710.jpg\" alt=\"\" class=\"wp-image-967\" srcset=\"https:\/\/blog.geraiscafe.com.br\/wp-content\/uploads\/2023\/08\/cafe-e-economia-1024x710.jpg 1024w, https:\/\/blog.geraiscafe.com.br\/wp-content\/uploads\/2023\/08\/cafe-e-economia-300x208.jpg 300w, https:\/\/blog.geraiscafe.com.br\/wp-content\/uploads\/2023\/08\/cafe-e-economia-768x532.jpg 768w, https:\/\/blog.geraiscafe.com.br\/wp-content\/uploads\/2023\/08\/cafe-e-economia-750x520.jpg 750w, https:\/\/blog.geraiscafe.com.br\/wp-content\/uploads\/2023\/08\/cafe-e-economia.jpg 1140w\" sizes=\"(max-width: 1024px) 100vw, 1024px\" \/><\/figure>\n\n\n\n<h2 class=\"wp-block-heading\">O Caf\u00e9 e a Economia Global<\/h2>\n\n\n\n<p>O caf\u00e9 \u00e9 a segunda mercadoria mais negociada no mundo, perdendo apenas para o petr\u00f3leo. Segundo a Organiza\u00e7\u00e3o Internacional do Caf\u00e9, o mercado de caf\u00e9 vale impressionantes $100 bilh\u00f5es de d\u00f3lares por ano. O caf\u00e9 n\u00e3o \u00e9 apenas uma simples bebida; \u00e9 um produto agr\u00edcola vital, gerando emprego e renda para milh\u00f5es de pessoas, principalmente em pa\u00edses em desenvolvimento.<\/p>\n\n\n\n<p>Pa\u00edses como Brasil, Vietn\u00e3, Col\u00f4mbia e Eti\u00f3pia s\u00e3o os maiores produtores de caf\u00e9 do mundo, e a economia desses pa\u00edses depende fortemente dessa ind\u00fastria. Em termos de consumo, os Estados Unidos lideram o caminho, com a Europa n\u00e3o muito atr\u00e1s.<\/p>\n\n\n\n<h2 class=\"wp-block-heading\">O Poder do Caf\u00e9 no Desenvolvimento Econ\u00f4mico<\/h2>\n\n\n\n<p>A ind\u00fastria do caf\u00e9 desempenha um papel crucial no desenvolvimento econ\u00f4mico de muitos pa\u00edses produtores de caf\u00e9. O setor fornece emprego para milh\u00f5es de agricultores, e a renda gerada \u00e9 usada para investir em educa\u00e7\u00e3o, sa\u00fade e infraestrutura.<\/p>\n\n\n\n<p>Os produtores de caf\u00e9 tamb\u00e9m contribuem para a economia atrav\u00e9s da exporta\u00e7\u00e3o, proporcionando uma fonte vital de moeda estrangeira. Al\u00e9m disso, as ind\u00fastrias de processamento de caf\u00e9 geram empregos adicionais, ajudando a reduzir a pobreza e a promover o desenvolvimento socioecon\u00f4mico.<\/p>\n\n\n\n<h2 class=\"wp-block-heading\">A Ind\u00fastria do Caf\u00e9 e o Crescimento Econ\u00f4mico<\/h2>\n\n\n\n<p>A ind\u00fastria do caf\u00e9 tamb\u00e9m est\u00e1 diretamente ligada ao crescimento econ\u00f4mico em pa\u00edses consumidores. Cafeterias, torrefadoras e empresas de distribui\u00e7\u00e3o empregam centenas de milhares de pessoas em todo o mundo. Al\u00e9m disso, a ind\u00fastria do caf\u00e9 tamb\u00e9m tem um impacto significativo na economia atrav\u00e9s do turismo. Em muitos pa\u00edses, o &#8220;turismo do caf\u00e9&#8221; tornou-se uma importante fonte de receita.<\/p>\n\n\n\n<h2 class=\"wp-block-heading\">A Conex\u00e3o Caf\u00e9-Blockchain<\/h2>\n\n\n\n<p>A tecnologia blockchain est\u00e1 come\u00e7ando a ter um impacto na ind\u00fastria do caf\u00e9. Os consumidores est\u00e3o cada vez mais interessados na proced\u00eancia dos produtos que compram, e a tecnologia blockchain pode proporcionar transpar\u00eancia ao longo de toda a cadeia de suprimentos do caf\u00e9. Isso pode ajudar a garantir pr\u00e1ticas de com\u00e9rcio justo e melhores condi\u00e7\u00f5es de trabalho para os agricultores de caf\u00e9.<\/p>\n\n\n\n<h2 class=\"wp-block-heading\">Conclus\u00e3o<\/h2>\n\n\n\n<p>O impacto do caf\u00e9 na economia global \u00e9 enorme e multifacetado. Ele fornece emprego e renda para milh\u00f5es de pessoas, promove o desenvolvimento econ\u00f4mico e contribui para a economia global de diversas maneiras. \u00c0 medida que entramos em uma nova era de transpar\u00eancia e sustentabilidade, a ind\u00fastria do caf\u00e9 continuar\u00e1 a evoluir, mas seu impacto econ\u00f4mico n\u00e3o pode ser subestimado.<\/p>\n\n\n\n<p>O caf\u00e9 \u00e9 mais do que apenas uma bebida, \u00e9 o combust\u00edvel da economia moderna. Seja voc\u00ea um apreciador casual ou um barista experiente, a pr\u00f3xima vez que voc\u00ea saborear uma x\u00edcara de caf\u00e9, pense no incr\u00edvel impacto econ\u00f4mico que essa pequena x\u00edcara tem na economia global.<\/p>\n","protected":false},"excerpt":{"rendered":"<p>Embora muitos de n\u00f3s n\u00e3o consigamos come\u00e7ar o dia sem uma x\u00edcara de caf\u00e9 quente, poucos de n\u00f3s paramos para considerar o enorme impacto que essa simples x\u00edcara de caf\u00e9 tem na economia global. O caf\u00e9 \u00e9, sem d\u00favida, um dos produtos agr\u00edcolas mais comercializados no mundo, e sua presen\u00e7a quase onipresente em nossas vidas [&hellip;]<\/p>\n","protected":false},"author":1,"featured_media":967,"comment_status":"open","ping_status":"open","sticky":true,"template":"","format":"standard","meta":{"content-type":"","footnotes":"","jnews-multi-image_gallery":[],"jnews_single_post":{"subtitle":"","format":"standard","video":"","gallery":"","source_name":"","source_url":"","via_name":"","via_url":"","override_template":"0","override":[{"template":"3","single_blog_custom":"","parallax":"1","fullscreen":"1","layout":"right-sidebar","sidebar":"sidebar-single-post","second_sidebar":"default-sidebar","sticky_sidebar":"1","share_position":"float","share_float_style":"share-monocrhome","show_share_counter":"1","show_view_counter":"1","show_featured":"1","show_post_meta":"1","show_post_author":"1","show_post_author_image":"1","show_post_date":"1","post_date_format":"default","post_date_format_custom":"Y\/m\/d","show_post_category":"1","show_post_reading_time":"0","post_reading_time_wpm":"300","show_zoom_button":"0","zoom_button_out_step":"2","zoom_button_in_step":"3","show_post_tag":"1","show_prev_next_post":"1","show_popup_post":"1","number_popup_post":"1","show_author_box":"1","show_post_related":"1","show_inline_post_related":"0"}],"override_image_size":"0","image_override":[{"single_post_thumbnail_size":"crop-500","single_post_gallery_size":"crop-500"}],"trending_post":"0","trending_post_position":"meta","trending_post_label":"Trending","sponsored_post":"0","sponsored_post_label":"Sponsored by","sponsored_post_name":"","sponsored_post_url":"","sponsored_post_logo_enable":"0","sponsored_post_logo":"","sponsored_post_desc":"","disable_ad":"0"},"jnews_primary_category":{"id":"","hide":""},"jnews_social_meta":{"fb_title":"","fb_description":"","fb_image":"","twitter_title":"","twitter_description":"","twitter_image":""},"jnews_override_counter":{"override_view_counter":"0","view_counter_number":"0","override_share_counter":"0","share_counter_number":"0","override_like_counter":"0","like_counter_number":"0","override_dislike_counter":"0","dislike_counter_number":"0"}},"categories":[98],"tags":[157,159,154,124,161,160,156,155,158,162],"_links":{"self":[{"href":"https:\/\/blog.geraiscafe.com.br\/index.php\/wp-json\/wp\/v2\/posts\/966"}],"collection":[{"href":"https:\/\/blog.geraiscafe.com.br\/index.php\/wp-json\/wp\/v2\/posts"}],"about":[{"href":"https:\/\/blog.geraiscafe.com.br\/index.php\/wp-json\/wp\/v2\/types\/post"}],"author":[{"embeddable":true,"href":"https:\/\/blog.geraiscafe.com.br\/index.php\/wp-json\/wp\/v2\/users\/1"}],"replies":[{"embeddable":true,"href":"https:\/\/blog.geraiscafe.com.br\/index.php\/wp-json\/wp\/v2\/comments?post=966"}],"version-history":[{"count":2,"href":"https:\/\/blog.geraiscafe.com.br\/index.php\/wp-json\/wp\/v2\/posts\/966\/revisions"}],"predecessor-version":[{"id":972,"href":"https:\/\/blog.geraiscafe.com.br\/index.php\/wp-json\/wp\/v2\/posts\/966\/revisions\/972"}],"wp:featuredmedia":[{"embeddable":true,"href":"https:\/\/blog.geraiscafe.com.br\/index.php\/wp-json\/wp\/v2\/media\/967"}],"wp:attachment":[{"href":"https:\/\/blog.geraiscafe.com.br\/index.php\/wp-json\/wp\/v2\/media?parent=966"}],"wp:term":[{"taxonomy":"category","embeddable":true,"href":"https:\/\/blog.geraiscafe.com.br\/index.php\/wp-json\/wp\/v2\/categories?post=966"},{"taxonomy":"post_tag","embeddable":true,"href":"https:\/\/blog.geraiscafe.com.br\/index.php\/wp-json\/wp\/v2\/tags?post=966"}],"curies":[{"name":"wp","href":"https:\/\/api.w.org\/{rel}","templated":true}]}}