{"id":969,"date":"2023-08-04T05:05:00","date_gmt":"2023-08-04T08:05:00","guid":{"rendered":"https:\/\/blog.geraiscafe.com.br\/?p=969"},"modified":"2023-08-03T21:22:47","modified_gmt":"2023-08-04T00:22:47","slug":"a-ciencia-por-tras-do-cafe-descubra-o-que-faz-esta-bebida-tao-especial","status":"publish","type":"post","link":"https:\/\/blog.geraiscafe.com.br\/index.php\/2023\/08\/04\/a-ciencia-por-tras-do-cafe-descubra-o-que-faz-esta-bebida-tao-especial\/","title":{"rendered":"A Ci\u00eancia por Tr\u00e1s do Caf\u00e9: Descubra o que Faz Esta Bebida T\u00e3o Especial"},"content":{"rendered":"\n<p class=\"has-medium-font-size\">Quando pensamos no caf\u00e9, imediatamente nos vem \u00e0 mente a imagem de uma bebida forte e saborosa, que ajuda a despertar nossos sentidos e nos mant\u00e9m alertas durante as longas horas do dia. Mas voc\u00ea j\u00e1 parou para pensar no que est\u00e1 por tr\u00e1s desse poderoso l\u00edquido? No artigo de hoje, vamos explorar a ci\u00eancia por tr\u00e1s do caf\u00e9 e descobrir o que faz dele uma bebida t\u00e3o maravilhosa e irresist\u00edvel. Prepare-se para uma viagem envolvente e repleta de sabores e aromas.<\/p>\n\n\n\n<figure class=\"wp-block-image size-large\"><img fetchpriority=\"high\" decoding=\"async\" width=\"1024\" height=\"710\" src=\"https:\/\/blog.geraiscafe.com.br\/wp-content\/uploads\/2023\/08\/ciencia-do-cafe-1024x710.jpg\" alt=\"\" class=\"wp-image-970\" srcset=\"https:\/\/blog.geraiscafe.com.br\/wp-content\/uploads\/2023\/08\/ciencia-do-cafe-1024x710.jpg 1024w, https:\/\/blog.geraiscafe.com.br\/wp-content\/uploads\/2023\/08\/ciencia-do-cafe-300x208.jpg 300w, https:\/\/blog.geraiscafe.com.br\/wp-content\/uploads\/2023\/08\/ciencia-do-cafe-768x532.jpg 768w, https:\/\/blog.geraiscafe.com.br\/wp-content\/uploads\/2023\/08\/ciencia-do-cafe-750x520.jpg 750w, https:\/\/blog.geraiscafe.com.br\/wp-content\/uploads\/2023\/08\/ciencia-do-cafe.jpg 1140w\" sizes=\"(max-width: 1024px) 100vw, 1024px\" \/><\/figure>\n\n\n\n<h2 class=\"wp-block-heading\"><strong>Uma Jornada Atrav\u00e9s dos Gr\u00e3os de Caf\u00e9<\/strong><\/h2>\n\n\n\n<p>Antes de chegarem \u00e0 sua x\u00edcara, os gr\u00e3os de caf\u00e9 passam por um longo processo que envolve crescimento, colheita, torra e moagem. Cada uma dessas etapas tem impacto direto no sabor final do caf\u00e9. A ci\u00eancia do caf\u00e9 come\u00e7a aqui, com a sele\u00e7\u00e3o dos gr\u00e3os e o cuidado em cada etapa da produ\u00e7\u00e3o.<\/p>\n\n\n\n<p>A variedade da planta do caf\u00e9 (geralmente Coffea arabica ou Coffea robusta), o solo onde \u00e9 cultivado, as condi\u00e7\u00f5es clim\u00e1ticas e a altitude podem influenciar drasticamente o sabor do caf\u00e9. Tudo isso comp\u00f5e o chamado &#8220;terroir&#8221; do caf\u00e9, semelhante ao conceito usado para vinhos.<\/p>\n\n\n\n<h2 class=\"wp-block-heading\"><strong>A Qu\u00edmica do Caf\u00e9<\/strong><\/h2>\n\n\n\n<p>A magia verdadeira acontece durante o processo de torra dos gr\u00e3os de caf\u00e9. Quando os gr\u00e3os s\u00e3o aquecidos, ocorrem uma s\u00e9rie de rea\u00e7\u00f5es qu\u00edmicas que transformam os compostos inodoros e ins\u00edpidos em mais de 800 compostos que d\u00e3o ao caf\u00e9 seu aroma e sabor distintos. Este \u00e9 um processo conhecido como Rea\u00e7\u00e3o de Maillard, o mesmo que d\u00e1 a carne grelhada e o p\u00e3o torrado seus sabores ricos e complexos.<\/p>\n\n\n\n<p>Entre esses compostos, a cafe\u00edna \u00e9 provavelmente o mais conhecido. Esta subst\u00e2ncia estimulante tem o poder de bloquear os receptores de adenosina no c\u00e9rebro, evitando a sensa\u00e7\u00e3o de cansa\u00e7o e promovendo o estado de alerta. \u00c9 por isso que uma x\u00edcara de caf\u00e9 pela manh\u00e3 nos faz sentir mais acordados e focados.<\/p>\n\n\n\n<h2 class=\"wp-block-heading\"><strong>A Arte de Preparar Caf\u00e9<\/strong><\/h2>\n\n\n\n<p>A ci\u00eancia do caf\u00e9 n\u00e3o termina com a torra dos gr\u00e3os. A forma como o caf\u00e9 \u00e9 preparado pode afetar muito o sabor final da bebida. M\u00e9todos como expresso, filtro, prensa francesa ou aeropress, todos t\u00eam suas peculiaridades que podem real\u00e7ar ou diminuir certos sabores e aromas.<\/p>\n\n\n\n<p>A temperatura da \u00e1gua, a propor\u00e7\u00e3o de caf\u00e9 para \u00e1gua e o tempo de extra\u00e7\u00e3o podem alterar a acidez, do\u00e7ura, amargor e corpo do caf\u00e9. E a moagem dos gr\u00e3os tamb\u00e9m \u00e9 crucial: gr\u00e3os muito grossos podem resultar em um caf\u00e9 sub-extra\u00eddo e aguado, enquanto uma moagem muito fina pode levar a um caf\u00e9 super-extra\u00eddo e amargo.<\/p>\n\n\n\n<h2 class=\"wp-block-heading\"><strong>Conclus\u00e3o<\/strong><\/h2>\n\n\n\n<p>O caf\u00e9 \u00e9 uma bebida incrivelmente complexa, tanto em termos de produ\u00e7\u00e3o quanto de prepara\u00e7\u00e3o. A ci\u00eancia por tr\u00e1s do caf\u00e9 nos ajuda a entender por que essa bebida \u00e9 t\u00e3o amada em todo o mundo. Seja pelo seu aroma envolvente, seu sabor rico e complexo, ou pelos benef\u00edcios que traz \u00e0 nossa sa\u00fade e bem-estar, o caf\u00e9 continua sendo uma das bebidas mais populares e apreciadas em todo o mundo.<\/p>\n\n\n\n<p>Ent\u00e3o, da pr\u00f3xima vez que voc\u00ea estiver saboreando uma x\u00edcara de caf\u00e9, lembre-se de todo o conhecimento e esfor\u00e7o envolvido para trazer essa deliciosa bebida at\u00e9 voc\u00ea. E quem sabe, talvez esse pequeno insight sobre a ci\u00eancia do caf\u00e9 possa at\u00e9 melhorar sua experi\u00eancia de degusta\u00e7\u00e3o. Afinal, como disse o cientista brit\u00e2nico Michael Faraday: &#8220;Nada \u00e9 muito maravilhoso para ser verdade&#8221;.<\/p>\n","protected":false},"excerpt":{"rendered":"<p>Quando pensamos no caf\u00e9, imediatamente nos vem \u00e0 mente a imagem de uma bebida forte e saborosa, que ajuda a despertar nossos sentidos e nos mant\u00e9m alertas durante as longas horas do dia. Mas voc\u00ea j\u00e1 parou para pensar no que est\u00e1 por tr\u00e1s desse poderoso l\u00edquido? No artigo de hoje, vamos explorar a ci\u00eancia [&hellip;]<\/p>\n","protected":false},"author":1,"featured_media":970,"comment_status":"open","ping_status":"open","sticky":false,"template":"","format":"standard","meta":{"content-type":"","footnotes":"","jnews-multi-image_gallery":[],"jnews_single_post":{"subtitle":"","format":"standard","video":"","gallery":"","source_name":"","source_url":"","via_name":"","via_url":"","override_template":"0","override":[{"template":"3","single_blog_custom":"","parallax":"1","fullscreen":"1","layout":"right-sidebar","sidebar":"sidebar-single-post","second_sidebar":"default-sidebar","sticky_sidebar":"1","share_position":"float","share_float_style":"share-monocrhome","show_share_counter":"1","show_view_counter":"1","show_featured":"1","show_post_meta":"1","show_post_author":"1","show_post_author_image":"1","show_post_date":"1","post_date_format":"default","post_date_format_custom":"Y\/m\/d","show_post_category":"1","show_post_reading_time":"0","post_reading_time_wpm":"300","show_zoom_button":"0","zoom_button_out_step":"2","zoom_button_in_step":"3","show_post_tag":"1","show_prev_next_post":"1","show_popup_post":"1","number_popup_post":"1","show_author_box":"1","show_post_related":"1","show_inline_post_related":"0"}],"override_image_size":"0","image_override":[{"single_post_thumbnail_size":"crop-500","single_post_gallery_size":"crop-500"}],"trending_post":"0","trending_post_position":"meta","trending_post_label":"Trending","sponsored_post":"0","sponsored_post_label":"Sponsored by","sponsored_post_name":"","sponsored_post_url":"","sponsored_post_logo_enable":"0","sponsored_post_logo":"","sponsored_post_desc":"","disable_ad":"0"},"jnews_primary_category":{"id":"","hide":""},"jnews_social_meta":{"fb_title":"","fb_description":"","fb_image":"","twitter_title":"","twitter_description":"","twitter_image":""},"jnews_override_counter":{"override_view_counter":"0","view_counter_number":"0","override_share_counter":"0","share_counter_number":"0","override_like_counter":"0","like_counter_number":"0","override_dislike_counter":"0","dislike_counter_number":"0"}},"categories":[100],"tags":[163,168,165,167,172,164,146,166,169,170],"_links":{"self":[{"href":"https:\/\/blog.geraiscafe.com.br\/index.php\/wp-json\/wp\/v2\/posts\/969"}],"collection":[{"href":"https:\/\/blog.geraiscafe.com.br\/index.php\/wp-json\/wp\/v2\/posts"}],"about":[{"href":"https:\/\/blog.geraiscafe.com.br\/index.php\/wp-json\/wp\/v2\/types\/post"}],"author":[{"embeddable":true,"href":"https:\/\/blog.geraiscafe.com.br\/index.php\/wp-json\/wp\/v2\/users\/1"}],"replies":[{"embeddable":true,"href":"https:\/\/blog.geraiscafe.com.br\/index.php\/wp-json\/wp\/v2\/comments?post=969"}],"version-history":[{"count":1,"href":"https:\/\/blog.geraiscafe.com.br\/index.php\/wp-json\/wp\/v2\/posts\/969\/revisions"}],"predecessor-version":[{"id":971,"href":"https:\/\/blog.geraiscafe.com.br\/index.php\/wp-json\/wp\/v2\/posts\/969\/revisions\/971"}],"wp:featuredmedia":[{"embeddable":true,"href":"https:\/\/blog.geraiscafe.com.br\/index.php\/wp-json\/wp\/v2\/media\/970"}],"wp:attachment":[{"href":"https:\/\/blog.geraiscafe.com.br\/index.php\/wp-json\/wp\/v2\/media?parent=969"}],"wp:term":[{"taxonomy":"category","embeddable":true,"href":"https:\/\/blog.geraiscafe.com.br\/index.php\/wp-json\/wp\/v2\/categories?post=969"},{"taxonomy":"post_tag","embeddable":true,"href":"https:\/\/blog.geraiscafe.com.br\/index.php\/wp-json\/wp\/v2\/tags?post=969"}],"curies":[{"name":"wp","href":"https:\/\/api.w.org\/{rel}","templated":true}]}}