{"id":974,"date":"2023-08-05T05:15:00","date_gmt":"2023-08-05T08:15:00","guid":{"rendered":"https:\/\/blog.geraiscafe.com.br\/?p=974"},"modified":"2023-08-04T19:39:46","modified_gmt":"2023-08-04T22:39:46","slug":"as-10-melhores-origens-de-cafe-ao-redor-do-mundo-uma-jornada-sensorial-inesquecivel","status":"publish","type":"post","link":"https:\/\/blog.geraiscafe.com.br\/index.php\/2023\/08\/05\/as-10-melhores-origens-de-cafe-ao-redor-do-mundo-uma-jornada-sensorial-inesquecivel\/","title":{"rendered":"As 10 Melhores Origens de Caf\u00e9 ao Redor do Mundo: Uma Jornada Sensorial Inesquec\u00edvel"},"content":{"rendered":"\n<p>Ao pensarmos em caf\u00e9, os primeiros sabores que v\u00eam \u00e0 mente s\u00e3o uma combina\u00e7\u00e3o robusta de amargor e aroma que n\u00e3o apenas nos desperta, mas tamb\u00e9m nos convida a um ritual cultural enraizado em nossas vidas cotidianas. Mas voc\u00ea j\u00e1 se perguntou de onde vem esse elixir do despertar que tanto adoramos? Junte-se a n\u00f3s nesta viagem ao redor do mundo enquanto exploramos as dez melhores origens de caf\u00e9 e descubra o que faz de cada uma delas uma experi\u00eancia \u00fanica de degusta\u00e7\u00e3o.<\/p>\n\n\n\n<figure class=\"wp-block-image size-large\"><img fetchpriority=\"high\" decoding=\"async\" width=\"1024\" height=\"710\" src=\"https:\/\/blog.geraiscafe.com.br\/wp-content\/uploads\/2023\/08\/cafes-pelo-mundo-1024x710.jpg\" alt=\"\" class=\"wp-image-976\" srcset=\"https:\/\/blog.geraiscafe.com.br\/wp-content\/uploads\/2023\/08\/cafes-pelo-mundo-1024x710.jpg 1024w, https:\/\/blog.geraiscafe.com.br\/wp-content\/uploads\/2023\/08\/cafes-pelo-mundo-300x208.jpg 300w, https:\/\/blog.geraiscafe.com.br\/wp-content\/uploads\/2023\/08\/cafes-pelo-mundo-768x532.jpg 768w, https:\/\/blog.geraiscafe.com.br\/wp-content\/uploads\/2023\/08\/cafes-pelo-mundo-750x520.jpg 750w, https:\/\/blog.geraiscafe.com.br\/wp-content\/uploads\/2023\/08\/cafes-pelo-mundo.jpg 1140w\" sizes=\"(max-width: 1024px) 100vw, 1024px\" \/><\/figure>\n\n\n\n<h2 class=\"wp-block-heading\"><strong>Brasil<\/strong><\/h2>\n\n\n\n<p>Como o maior produtor de caf\u00e9 do mundo, o Brasil \u00e9 conhecido por seus gr\u00e3os de qualidade ineg\u00e1vel. As regi\u00f5es de Minas Gerais, Esp\u00edrito Santo e S\u00e3o Paulo s\u00e3o famosas pela produ\u00e7\u00e3o de gr\u00e3os suaves, com notas de chocolate e nozes. A sustentabilidade na produ\u00e7\u00e3o tamb\u00e9m \u00e9 uma prioridade no Brasil, com muitas fazendas sendo certificadas como org\u00e2nicas e sustent\u00e1veis.<\/p>\n\n\n\n<h2 class=\"wp-block-heading\"><strong>Col\u00f4mbia<\/strong><\/h2>\n\n\n\n<p>A Col\u00f4mbia \u00e9 um \u00edcone mundial na produ\u00e7\u00e3o de caf\u00e9, conhecido por seus gr\u00e3os suaves e frutados. Os caf\u00e9s produzidos na regi\u00e3o de Medell\u00edn s\u00e3o famosos por suas notas c\u00edtricas e acidez bem equilibrada, proporcionando uma x\u00edcara de caf\u00e9 aveludada e prazerosa.<\/p>\n\n\n\n<h2 class=\"wp-block-heading\"><strong>Eti\u00f3pia<\/strong><\/h2>\n\n\n\n<p>A Eti\u00f3pia \u00e9 considerada o ber\u00e7o do caf\u00e9, e ainda hoje \u00e9 famosa pela diversidade e qualidade de seus gr\u00e3os. O caf\u00e9 et\u00edope \u00e9 conhecido por seu perfil de sabor complexo e floral, com notas de ch\u00e1 preto, bergamota e frutas c\u00edtricas.<\/p>\n\n\n\n<h2 class=\"wp-block-heading\"><strong>Vietn\u00e3<\/strong><\/h2>\n\n\n\n<p>O Vietn\u00e3 \u00e9 o segundo maior produtor de caf\u00e9 do mundo, especializado em caf\u00e9 robusta. Este tipo de caf\u00e9 \u00e9 conhecido por seu sabor forte e amargo, com notas de cacau e madeira. A popular bebida local, &#8216;caf\u00e9 sua da&#8217; (caf\u00e9 com leite condensado), \u00e9 um must-try para qualquer amante de caf\u00e9.<\/p>\n\n\n\n<h2 class=\"wp-block-heading\"><strong>Costa Rica<\/strong><\/h2>\n\n\n\n<p>A Costa Rica \u00e9 famosa por seus caf\u00e9s suaves e bem equilibrados, com acidez brilhante e sabores frutados. A regi\u00e3o de Tarraz\u00fa \u00e9 especialmente conhecida por produzir caf\u00e9s de qualidade excepcional, com notas de ma\u00e7\u00e3, morango e a\u00e7\u00facar mascavo.<\/p>\n\n\n\n<h2 class=\"wp-block-heading\"><strong>Jamaica<\/strong><\/h2>\n\n\n\n<p>A Jamaica \u00e9 a casa do mundialmente famoso caf\u00e9 Blue Mountain, um dos mais caros e cobi\u00e7ados do mundo. Seu sabor suave, com baixa acidez e notas de nozes e chocolate, torna o caf\u00e9 jamaicano uma experi\u00eancia verdadeiramente indulgente.<\/p>\n\n\n\n<h2 class=\"wp-block-heading\"><strong>Guatemala<\/strong><\/h2>\n\n\n\n<p>Os caf\u00e9s da Guatemala s\u00e3o conhecidos por seu perfil de sabor rico e distinto, com notas de chocolate, caramelo e frutas. A regi\u00e3o de Antigua \u00e9 famosa por produzir alguns dos melhores caf\u00e9s do pa\u00eds, apreciados por seu sabor encorpado e aroma perfumado.<\/p>\n\n\n\n<h2 class=\"wp-block-heading\"><strong>Qu\u00eania<\/strong><\/h2>\n\n\n\n<p>Os gr\u00e3os de caf\u00e9 quenianos s\u00e3o famosos por sua acidez viva e sabores frutados. Com notas de groselha preta, tomate e ma\u00e7\u00e3 verde, os caf\u00e9s do Qu\u00eania s\u00e3o intensamente arom\u00e1ticos e proporcionam uma experi\u00eancia de degusta\u00e7\u00e3o revigorante.<\/p>\n\n\n\n<h2 class=\"wp-block-heading\"><strong>I\u00eamen<\/strong><\/h2>\n\n\n\n<p>Os caf\u00e9s do I\u00eamen s\u00e3o conhecidos por sua complexidade de sabor e car\u00e1ter \u00fanico. Produzidos em pequenas terras montanhosas, estes gr\u00e3os t\u00eam sabores de frutas secas, especiarias e vinho, proporcionando uma x\u00edcara de caf\u00e9 ex\u00f3tica e envolvente.<\/p>\n\n\n\n<h2 class=\"wp-block-heading\"><strong>Panam\u00e1<\/strong><\/h2>\n\n\n\n<p>O Panam\u00e1, embora seja um produtor menor em compara\u00e7\u00e3o a outros pa\u00edses, \u00e9 famoso por seus caf\u00e9s Geisha, considerados entre os melhores e mais caros do mundo. Estes caf\u00e9s s\u00e3o conhecidos por seu perfil de sabor delicado e floral, com notas de jasmim, bergamota e manga.<\/p>\n\n\n\n<p>Cada uma dessas origens de caf\u00e9 tem algo \u00fanico para oferecer, tornando cada x\u00edcara uma viagem de descoberta sensorial. Ent\u00e3o, na pr\u00f3xima vez que voc\u00ea estiver apreciando sua x\u00edcara de caf\u00e9 matinal, lembre-se da incr\u00edvel jornada que cada gr\u00e3o de caf\u00e9 fez para chegar at\u00e9 voc\u00ea. Sa\u00fade!<\/p>\n","protected":false},"excerpt":{"rendered":"<p>Ao pensarmos em caf\u00e9, os primeiros sabores que v\u00eam \u00e0 mente s\u00e3o uma combina\u00e7\u00e3o robusta de amargor e aroma que n\u00e3o apenas nos desperta, mas tamb\u00e9m nos convida a um ritual cultural enraizado em nossas vidas cotidianas. Mas voc\u00ea j\u00e1 se perguntou de onde vem esse elixir do despertar que tanto adoramos? Junte-se a n\u00f3s [&hellip;]<\/p>\n","protected":false},"author":1,"featured_media":976,"comment_status":"open","ping_status":"open","sticky":false,"template":"","format":"standard","meta":{"content-type":"","footnotes":"","jnews-multi-image_gallery":[],"jnews_single_post":{"subtitle":"","format":"standard","video":"","gallery":"","source_name":"","source_url":"","via_name":"","via_url":"","override_template":"0","override":[{"template":"3","single_blog_custom":"","parallax":"1","fullscreen":"1","layout":"right-sidebar","sidebar":"sidebar-single-post","second_sidebar":"default-sidebar","sticky_sidebar":"1","share_position":"float","share_float_style":"share-monocrhome","show_share_counter":"1","show_view_counter":"1","show_featured":"1","show_post_meta":"1","show_post_author":"1","show_post_author_image":"1","show_post_date":"1","post_date_format":"default","post_date_format_custom":"Y\/m\/d","show_post_category":"1","show_post_reading_time":"0","post_reading_time_wpm":"300","show_zoom_button":"0","zoom_button_out_step":"2","zoom_button_in_step":"3","show_post_tag":"1","show_prev_next_post":"1","show_popup_post":"1","number_popup_post":"1","show_author_box":"1","show_post_related":"1","show_inline_post_related":"0"}],"override_image_size":"0","image_override":[{"single_post_thumbnail_size":"crop-500","single_post_gallery_size":"crop-500"}],"trending_post":"0","trending_post_position":"meta","trending_post_label":"Trending","sponsored_post":"0","sponsored_post_label":"Sponsored by","sponsored_post_name":"","sponsored_post_url":"","sponsored_post_logo_enable":"0","sponsored_post_logo":"","sponsored_post_desc":"","disable_ad":"0"},"jnews_primary_category":{"id":"","hide":""},"jnews_social_meta":{"fb_title":"","fb_description":"","fb_image":"","twitter_title":"","twitter_description":"","twitter_image":""},"jnews_override_counter":{"override_view_counter":"0","view_counter_number":"0","override_share_counter":"0","share_counter_number":"0","override_like_counter":"0","like_counter_number":"0","override_dislike_counter":"0","dislike_counter_number":"0"}},"categories":[98,101],"tags":[123,179,177,178,180,174,176,182,181,175,173],"_links":{"self":[{"href":"https:\/\/blog.geraiscafe.com.br\/index.php\/wp-json\/wp\/v2\/posts\/974"}],"collection":[{"href":"https:\/\/blog.geraiscafe.com.br\/index.php\/wp-json\/wp\/v2\/posts"}],"about":[{"href":"https:\/\/blog.geraiscafe.com.br\/index.php\/wp-json\/wp\/v2\/types\/post"}],"author":[{"embeddable":true,"href":"https:\/\/blog.geraiscafe.com.br\/index.php\/wp-json\/wp\/v2\/users\/1"}],"replies":[{"embeddable":true,"href":"https:\/\/blog.geraiscafe.com.br\/index.php\/wp-json\/wp\/v2\/comments?post=974"}],"version-history":[{"count":2,"href":"https:\/\/blog.geraiscafe.com.br\/index.php\/wp-json\/wp\/v2\/posts\/974\/revisions"}],"predecessor-version":[{"id":977,"href":"https:\/\/blog.geraiscafe.com.br\/index.php\/wp-json\/wp\/v2\/posts\/974\/revisions\/977"}],"wp:featuredmedia":[{"embeddable":true,"href":"https:\/\/blog.geraiscafe.com.br\/index.php\/wp-json\/wp\/v2\/media\/976"}],"wp:attachment":[{"href":"https:\/\/blog.geraiscafe.com.br\/index.php\/wp-json\/wp\/v2\/media?parent=974"}],"wp:term":[{"taxonomy":"category","embeddable":true,"href":"https:\/\/blog.geraiscafe.com.br\/index.php\/wp-json\/wp\/v2\/categories?post=974"},{"taxonomy":"post_tag","embeddable":true,"href":"https:\/\/blog.geraiscafe.com.br\/index.php\/wp-json\/wp\/v2\/tags?post=974"}],"curies":[{"name":"wp","href":"https:\/\/api.w.org\/{rel}","templated":true}]}}