{"id":978,"date":"2023-08-06T05:15:00","date_gmt":"2023-08-06T08:15:00","guid":{"rendered":"https:\/\/blog.geraiscafe.com.br\/?p=978"},"modified":"2023-08-04T20:24:09","modified_gmt":"2023-08-04T23:24:09","slug":"como-conservar-seu-cafe-para-manter-o-sabor","status":"publish","type":"post","link":"https:\/\/blog.geraiscafe.com.br\/index.php\/2023\/08\/06\/como-conservar-seu-cafe-para-manter-o-sabor\/","title":{"rendered":"Como Conservar Seu Caf\u00e9 Para Manter o Sabor"},"content":{"rendered":"\n<p>Se voc\u00ea \u00e9 um verdadeiro amante de caf\u00e9, sabe como \u00e9 essencial manter o sabor original do seu precioso gr\u00e3o. Seja voc\u00ea um entusiasta do caf\u00e9 torrado escuro ou prefere o sabor sutil do caf\u00e9 torrado claro, todos desejam manter a frescura e a qualidade do caf\u00e9. Mas como fazer isso? Neste artigo, forneceremos algumas dicas \u00fateis sobre como conservar seu caf\u00e9 para manter o sabor.<\/p>\n\n\n\n<figure class=\"wp-block-image size-large\"><img fetchpriority=\"high\" decoding=\"async\" width=\"1024\" height=\"710\" src=\"https:\/\/blog.geraiscafe.com.br\/wp-content\/uploads\/2023\/08\/armazenagem-cafe-1024x710.jpg\" alt=\"\" class=\"wp-image-979\" srcset=\"https:\/\/blog.geraiscafe.com.br\/wp-content\/uploads\/2023\/08\/armazenagem-cafe-1024x710.jpg 1024w, https:\/\/blog.geraiscafe.com.br\/wp-content\/uploads\/2023\/08\/armazenagem-cafe-300x208.jpg 300w, https:\/\/blog.geraiscafe.com.br\/wp-content\/uploads\/2023\/08\/armazenagem-cafe-768x532.jpg 768w, https:\/\/blog.geraiscafe.com.br\/wp-content\/uploads\/2023\/08\/armazenagem-cafe-750x520.jpg 750w, https:\/\/blog.geraiscafe.com.br\/wp-content\/uploads\/2023\/08\/armazenagem-cafe.jpg 1140w\" sizes=\"(max-width: 1024px) 100vw, 1024px\" \/><\/figure>\n\n\n\n<h2 class=\"wp-block-heading\">Armazenamento Adequado do Caf\u00e9<\/h2>\n\n\n\n<p>Uma das chaves para preservar a qualidade do caf\u00e9 \u00e9 armazen\u00e1-lo corretamente. O caf\u00e9 \u00e9 bastante sens\u00edvel ao ar, \u00e0 umidade, ao calor e \u00e0 luz. Portanto, \u00e9 vital mant\u00ea-lo em um recipiente herm\u00e9tico em um local fresco e escuro. Isso o proteger\u00e1 da exposi\u00e7\u00e3o a esses quatro elementos destrutivos, que podem degradar seu sabor e aroma.<\/p>\n\n\n\n<h2 class=\"wp-block-heading\">Compre Caf\u00e9 em Gr\u00e3o<\/h2>\n\n\n\n<p>A compra de caf\u00e9 em gr\u00e3o, em vez de caf\u00e9 j\u00e1 mo\u00eddo, tamb\u00e9m pode ajudar a preservar o sabor do caf\u00e9. O caf\u00e9 come\u00e7a a perder seu sabor logo ap\u00f3s ser mo\u00eddo. Ao comprar caf\u00e9 em gr\u00e3o e mo\u00ea-lo imediatamente antes de prepar\u00e1-lo, voc\u00ea garante que o caf\u00e9 est\u00e1 no seu frescor m\u00e1ximo, levando a uma x\u00edcara de caf\u00e9 com mais sabor.<\/p>\n\n\n\n<h2 class=\"wp-block-heading\">Use \u00c1gua de Qualidade<\/h2>\n\n\n\n<p>A \u00e1gua representa cerca de 98% do seu caf\u00e9, ent\u00e3o a qualidade da \u00e1gua que voc\u00ea usa \u00e9 extremamente importante. Usar \u00e1gua pura e filtrada ajudar\u00e1 a real\u00e7ar o sabor do seu caf\u00e9, enquanto a \u00e1gua da torneira com cloro ou minerais pode ofuscar o sabor.<\/p>\n\n\n\n<h2 class=\"wp-block-heading\">N\u00e3o Guarde o Caf\u00e9 na Geladeira ou Freezer<\/h2>\n\n\n\n<p>Um mito comum \u00e9 que guardar o caf\u00e9 na geladeira ou freezer prolongar\u00e1 sua vida \u00fatil. No entanto, devido \u00e0 sua natureza porosa, o caf\u00e9 pode absorver cheiros e sabores de outros alimentos. Al\u00e9m disso, as mudan\u00e7as de temperatura podem criar condensa\u00e7\u00e3o, que pode estragar o caf\u00e9. Portanto, mantenha o caf\u00e9 em um recipiente herm\u00e9tico em local fresco e escuro.<\/p>\n\n\n\n<h2 class=\"wp-block-heading\">Conclus\u00e3o<\/h2>\n\n\n\n<p>Conservar seu caf\u00e9 para manter o sabor n\u00e3o \u00e9 uma tarefa complicada. O segredo est\u00e1 em armazen\u00e1-lo corretamente, comprar caf\u00e9 em gr\u00e3o, usar \u00e1gua de qualidade e evitar o armazenamento na geladeira ou no freezer. Seguindo essas dicas, voc\u00ea pode garantir que cada x\u00edcara de caf\u00e9 que prepara est\u00e1 cheia de sabor e aroma.<\/p>\n\n\n\n<p>Esperamos que este artigo tenha sido \u00fatil e tenha incentivado voc\u00ea a aprimorar a maneira de armazenar e preparar seu caf\u00e9. Lembre-se, uma boa x\u00edcara de caf\u00e9 come\u00e7a com gr\u00e3os de alta qualidade e termina com a prepara\u00e7\u00e3o e armazenamento adequados.<\/p>\n\n\n\n<p><em>Obrigado por ler nosso blog. Se voc\u00ea gostou deste artigo, compartilhe-o em suas redes sociais favoritas e n\u00e3o se esque\u00e7a de marcar nossa p\u00e1gina para mais dicas e informa\u00e7\u00f5es sobre caf\u00e9.<\/em><\/p>\n","protected":false},"excerpt":{"rendered":"<p>Se voc\u00ea \u00e9 um verdadeiro amante de caf\u00e9, sabe como \u00e9 essencial manter o sabor original do seu precioso gr\u00e3o. Seja voc\u00ea um entusiasta do caf\u00e9 torrado escuro ou prefere o sabor sutil do caf\u00e9 torrado claro, todos desejam manter a frescura e a qualidade do caf\u00e9. Mas como fazer isso? Neste artigo, forneceremos algumas [&hellip;]<\/p>\n","protected":false},"author":1,"featured_media":979,"comment_status":"open","ping_status":"open","sticky":false,"template":"","format":"standard","meta":{"content-type":"","footnotes":"","jnews-multi-image_gallery":[],"jnews_single_post":{"subtitle":"","format":"standard","video":"","gallery":"","source_name":"","source_url":"","via_name":"","via_url":"","override_template":"0","override":[{"template":"3","single_blog_custom":"","parallax":"1","fullscreen":"1","layout":"right-sidebar","sidebar":"sidebar-single-post","second_sidebar":"default-sidebar","sticky_sidebar":"1","share_position":"float","share_float_style":"share-monocrhome","show_share_counter":"1","show_view_counter":"1","show_featured":"1","show_post_meta":"1","show_post_author":"1","show_post_author_image":"1","show_post_date":"1","post_date_format":"default","post_date_format_custom":"Y\/m\/d","show_post_category":"1","show_post_reading_time":"0","post_reading_time_wpm":"300","show_zoom_button":"0","zoom_button_out_step":"2","zoom_button_in_step":"3","show_post_tag":"1","show_prev_next_post":"1","show_popup_post":"1","number_popup_post":"1","show_author_box":"1","show_post_related":"1","show_inline_post_related":"0"}],"override_image_size":"0","image_override":[{"single_post_thumbnail_size":"crop-500","single_post_gallery_size":"crop-500"}],"trending_post":"0","trending_post_position":"meta","trending_post_label":"Trending","sponsored_post":"0","sponsored_post_label":"Sponsored by","sponsored_post_name":"","sponsored_post_url":"","sponsored_post_logo_enable":"0","sponsored_post_logo":"","sponsored_post_desc":"","disable_ad":"0"},"jnews_primary_category":{"id":"","hide":""},"jnews_social_meta":{"fb_title":"","fb_description":"","fb_image":"","twitter_title":"","twitter_description":"","twitter_image":""},"jnews_override_counter":{"override_view_counter":"0","view_counter_number":"0","override_share_counter":"0","share_counter_number":"0","override_like_counter":"0","like_counter_number":"0","override_dislike_counter":"0","dislike_counter_number":"0"}},"categories":[100],"tags":[185,183,184,187,186],"_links":{"self":[{"href":"https:\/\/blog.geraiscafe.com.br\/index.php\/wp-json\/wp\/v2\/posts\/978"}],"collection":[{"href":"https:\/\/blog.geraiscafe.com.br\/index.php\/wp-json\/wp\/v2\/posts"}],"about":[{"href":"https:\/\/blog.geraiscafe.com.br\/index.php\/wp-json\/wp\/v2\/types\/post"}],"author":[{"embeddable":true,"href":"https:\/\/blog.geraiscafe.com.br\/index.php\/wp-json\/wp\/v2\/users\/1"}],"replies":[{"embeddable":true,"href":"https:\/\/blog.geraiscafe.com.br\/index.php\/wp-json\/wp\/v2\/comments?post=978"}],"version-history":[{"count":1,"href":"https:\/\/blog.geraiscafe.com.br\/index.php\/wp-json\/wp\/v2\/posts\/978\/revisions"}],"predecessor-version":[{"id":980,"href":"https:\/\/blog.geraiscafe.com.br\/index.php\/wp-json\/wp\/v2\/posts\/978\/revisions\/980"}],"wp:featuredmedia":[{"embeddable":true,"href":"https:\/\/blog.geraiscafe.com.br\/index.php\/wp-json\/wp\/v2\/media\/979"}],"wp:attachment":[{"href":"https:\/\/blog.geraiscafe.com.br\/index.php\/wp-json\/wp\/v2\/media?parent=978"}],"wp:term":[{"taxonomy":"category","embeddable":true,"href":"https:\/\/blog.geraiscafe.com.br\/index.php\/wp-json\/wp\/v2\/categories?post=978"},{"taxonomy":"post_tag","embeddable":true,"href":"https:\/\/blog.geraiscafe.com.br\/index.php\/wp-json\/wp\/v2\/tags?post=978"}],"curies":[{"name":"wp","href":"https:\/\/api.w.org\/{rel}","templated":true}]}}