{"id":986,"date":"2023-08-06T16:20:31","date_gmt":"2023-08-06T19:20:31","guid":{"rendered":"https:\/\/blog.geraiscafe.com.br\/?p=986"},"modified":"2023-08-06T16:20:43","modified_gmt":"2023-08-06T19:20:43","slug":"cafes-especiais-por-que-eles-sao-tao-especiais","status":"publish","type":"post","link":"https:\/\/blog.geraiscafe.com.br\/index.php\/2023\/08\/06\/cafes-especiais-por-que-eles-sao-tao-especiais\/","title":{"rendered":"Caf\u00e9s Especiais: Por Que Eles S\u00e3o T\u00e3o Especiais?"},"content":{"rendered":"\n<p class=\"has-medium-font-size\">Voc\u00ea j\u00e1 ouviu falar em &#8220;caf\u00e9s especiais&#8221;? Se voc\u00ea \u00e9 um verdadeiro amante de caf\u00e9, esta express\u00e3o certamente n\u00e3o \u00e9 estranha para voc\u00ea. No entanto, para aqueles que est\u00e3o come\u00e7ando a se aprofundar neste mundo encantador e complexo, pode ser uma surpresa descobrir que nem todo caf\u00e9 \u00e9 criado igual. Prepare sua caneca e acompanhe-nos nesta jornada arom\u00e1tica!<\/p>\n\n\n\n<figure class=\"wp-block-image size-large\"><img fetchpriority=\"high\" decoding=\"async\" width=\"1024\" height=\"710\" src=\"https:\/\/blog.geraiscafe.com.br\/wp-content\/uploads\/2023\/08\/colheita-cafe-especial-1024x710.jpg\" alt=\"\" class=\"wp-image-987\" srcset=\"https:\/\/blog.geraiscafe.com.br\/wp-content\/uploads\/2023\/08\/colheita-cafe-especial-1024x710.jpg 1024w, https:\/\/blog.geraiscafe.com.br\/wp-content\/uploads\/2023\/08\/colheita-cafe-especial-300x208.jpg 300w, https:\/\/blog.geraiscafe.com.br\/wp-content\/uploads\/2023\/08\/colheita-cafe-especial-768x532.jpg 768w, https:\/\/blog.geraiscafe.com.br\/wp-content\/uploads\/2023\/08\/colheita-cafe-especial-750x520.jpg 750w, https:\/\/blog.geraiscafe.com.br\/wp-content\/uploads\/2023\/08\/colheita-cafe-especial.jpg 1140w\" sizes=\"(max-width: 1024px) 100vw, 1024px\" \/><\/figure>\n\n\n\n<h2 class=\"wp-block-heading\">O que s\u00e3o caf\u00e9s especiais?<\/h2>\n\n\n\n<p>Caf\u00e9s especiais s\u00e3o gr\u00e3os que foram cultivados em condi\u00e7\u00f5es ideais, colhidos no ponto certo de matura\u00e7\u00e3o e processados com m\u00e9todos que preservam suas caracter\u00edsticas \u00fanicas. Eles s\u00e3o classificados atrav\u00e9s de uma escala de pontua\u00e7\u00e3o, e apenas os gr\u00e3os que alcan\u00e7am 80 pontos ou mais (em uma escala de 100) de acordo com a Specialty Coffee Association (SCA), s\u00e3o considerados &#8220;especiais&#8221;.<\/p>\n\n\n\n<h2 class=\"wp-block-heading\">Por que s\u00e3o t\u00e3o especiais?<\/h2>\n\n\n\n<ol>\n<li><strong>Origem e Terroir:<\/strong> Assim como os vinhos, o caf\u00e9 tem seu sabor e aroma influenciados pelo solo, clima e altitude onde \u00e9 cultivado. Caf\u00e9s especiais frequentemente v\u00eam de regi\u00f5es com condi\u00e7\u00f5es particulares que real\u00e7am sabores exclusivos.<\/li>\n\n\n\n<li><strong>Processo de cultivo:<\/strong> Os produtores de caf\u00e9s especiais costumam investir em pr\u00e1ticas agr\u00edcolas sustent\u00e1veis. Isso n\u00e3o apenas beneficia o meio ambiente, mas tamb\u00e9m contribui para a qualidade do gr\u00e3o.<\/li>\n\n\n\n<li><strong>Colheita Seletiva:<\/strong> Ao inv\u00e9s de colher todos os gr\u00e3os de uma vez, os cafeicultores de caf\u00e9s especiais optam pela colheita seletiva, escolhendo apenas os gr\u00e3os no auge da matura\u00e7\u00e3o.<\/li>\n\n\n\n<li><strong>Processamento Cuidadoso:<\/strong> Depois de colhidos, os gr\u00e3os passam por m\u00e9todos de processamento que garantem a preserva\u00e7\u00e3o de suas caracter\u00edsticas. Isso pode incluir secagem ao sol, fermenta\u00e7\u00e3o controlada, entre outros.<\/li>\n\n\n\n<li><strong>Torra Artesanal:<\/strong> A torra \u00e9 um momento crucial na vida do caf\u00e9. Uma torra adequada pode real\u00e7ar as melhores caracter\u00edsticas do gr\u00e3o, enquanto uma torra inadequada pode arruin\u00e1-lo. Muitos caf\u00e9s especiais s\u00e3o torrados em pequenos lotes por artes\u00e3os que entendem profundamente o processo.<\/li>\n<\/ol>\n\n\n\n<h2 class=\"wp-block-heading\">Benef\u00edcios do Caf\u00e9 Especial<\/h2>\n\n\n\n<ul>\n<li><strong>Experi\u00eancia Sensorial:<\/strong> Caf\u00e9s especiais oferecem uma paleta de sabores e aromas muito mais rica e diversificada. Notas de frutas, flores, chocolates, nozes e muito mais podem ser descobertas em cada gole.<\/li>\n\n\n\n<li><strong>Sustentabilidade:<\/strong> Optar por caf\u00e9s especiais muitas vezes significa apoiar pequenos produtores e pr\u00e1ticas agr\u00edcolas sustent\u00e1veis.<\/li>\n\n\n\n<li><strong>Qualidade Garantida:<\/strong> A classifica\u00e7\u00e3o rigorosa garante que voc\u00ea est\u00e1 consumindo um produto de alta qualidade.<\/li>\n<\/ul>\n\n\n\n<h2 class=\"wp-block-heading\">Conclus\u00e3o<\/h2>\n\n\n\n<p>Caf\u00e9s especiais representam a cr\u00e8me de la cr\u00e8me do mundo do caf\u00e9. Eles nos convidam a desacelerar, a apreciar e a mergulhar em uma experi\u00eancia sensorial sem igual. Ent\u00e3o, da pr\u00f3xima vez que voc\u00ea for escolher um pacote de caf\u00e9, considere dar uma chance aos caf\u00e9s especiais. Seu paladar certamente agradecer\u00e1!<\/p>\n","protected":false},"excerpt":{"rendered":"<p>Voc\u00ea j\u00e1 ouviu falar em &#8220;caf\u00e9s especiais&#8221;? Se voc\u00ea \u00e9 um verdadeiro amante de caf\u00e9, esta express\u00e3o certamente n\u00e3o \u00e9 estranha para voc\u00ea. No entanto, para aqueles que est\u00e3o come\u00e7ando a se aprofundar neste mundo encantador e complexo, pode ser uma surpresa descobrir que nem todo caf\u00e9 \u00e9 criado igual. Prepare sua caneca e acompanhe-nos [&hellip;]<\/p>\n","protected":false},"author":1,"featured_media":987,"comment_status":"open","ping_status":"open","sticky":false,"template":"","format":"standard","meta":{"content-type":"","footnotes":"","jnews-multi-image_gallery":[],"jnews_single_post":{"subtitle":"","format":"standard","video":"","gallery":"","source_name":"","source_url":"","via_name":"","via_url":"","override_template":"0","override":[{"template":"3","single_blog_custom":"","parallax":"1","fullscreen":"1","layout":"right-sidebar","sidebar":"sidebar-single-post","second_sidebar":"default-sidebar","sticky_sidebar":"1","share_position":"float","share_float_style":"share-monocrhome","show_share_counter":"1","show_view_counter":"1","show_featured":"1","show_post_meta":"1","show_post_author":"1","show_post_author_image":"1","show_post_date":"1","post_date_format":"default","post_date_format_custom":"Y\/m\/d","show_post_category":"1","show_post_reading_time":"0","post_reading_time_wpm":"300","show_zoom_button":"0","zoom_button_out_step":"2","zoom_button_in_step":"3","show_post_tag":"1","show_prev_next_post":"1","show_popup_post":"1","number_popup_post":"1","show_author_box":"1","show_post_related":"1","show_inline_post_related":"0"}],"override_image_size":"0","image_override":[{"single_post_thumbnail_size":"crop-500","single_post_gallery_size":"crop-500"}],"trending_post":"0","trending_post_position":"meta","trending_post_label":"Trending","sponsored_post":"0","sponsored_post_label":"Sponsored by","sponsored_post_name":"","sponsored_post_url":"","sponsored_post_logo_enable":"0","sponsored_post_logo":"","sponsored_post_desc":"","disable_ad":"0"},"jnews_primary_category":{"id":"","hide":""},"jnews_social_meta":{"fb_title":"","fb_description":"","fb_image":"","twitter_title":"","twitter_description":"","twitter_image":""},"jnews_override_counter":{"override_view_counter":"0","view_counter_number":"0","override_share_counter":"0","share_counter_number":"0","override_like_counter":"0","like_counter_number":"0","override_dislike_counter":"0","dislike_counter_number":"0"}},"categories":[101],"tags":[192,193,191,195,189,194,188,190],"_links":{"self":[{"href":"https:\/\/blog.geraiscafe.com.br\/index.php\/wp-json\/wp\/v2\/posts\/986"}],"collection":[{"href":"https:\/\/blog.geraiscafe.com.br\/index.php\/wp-json\/wp\/v2\/posts"}],"about":[{"href":"https:\/\/blog.geraiscafe.com.br\/index.php\/wp-json\/wp\/v2\/types\/post"}],"author":[{"embeddable":true,"href":"https:\/\/blog.geraiscafe.com.br\/index.php\/wp-json\/wp\/v2\/users\/1"}],"replies":[{"embeddable":true,"href":"https:\/\/blog.geraiscafe.com.br\/index.php\/wp-json\/wp\/v2\/comments?post=986"}],"version-history":[{"count":1,"href":"https:\/\/blog.geraiscafe.com.br\/index.php\/wp-json\/wp\/v2\/posts\/986\/revisions"}],"predecessor-version":[{"id":988,"href":"https:\/\/blog.geraiscafe.com.br\/index.php\/wp-json\/wp\/v2\/posts\/986\/revisions\/988"}],"wp:featuredmedia":[{"embeddable":true,"href":"https:\/\/blog.geraiscafe.com.br\/index.php\/wp-json\/wp\/v2\/media\/987"}],"wp:attachment":[{"href":"https:\/\/blog.geraiscafe.com.br\/index.php\/wp-json\/wp\/v2\/media?parent=986"}],"wp:term":[{"taxonomy":"category","embeddable":true,"href":"https:\/\/blog.geraiscafe.com.br\/index.php\/wp-json\/wp\/v2\/categories?post=986"},{"taxonomy":"post_tag","embeddable":true,"href":"https:\/\/blog.geraiscafe.com.br\/index.php\/wp-json\/wp\/v2\/tags?post=986"}],"curies":[{"name":"wp","href":"https:\/\/api.w.org\/{rel}","templated":true}]}}