{"id":992,"date":"2023-08-07T05:15:00","date_gmt":"2023-08-07T08:15:00","guid":{"rendered":"https:\/\/blog.geraiscafe.com.br\/?p=992"},"modified":"2023-08-06T19:17:10","modified_gmt":"2023-08-06T22:17:10","slug":"as-complexidades-do-cafe-explorando-sabores-e-aromas","status":"publish","type":"post","link":"https:\/\/blog.geraiscafe.com.br\/index.php\/2023\/08\/07\/as-complexidades-do-cafe-explorando-sabores-e-aromas\/","title":{"rendered":"As Complexidades do Caf\u00e9: Explorando Sabores e Aromas"},"content":{"rendered":"\n<p class=\"has-medium-font-size\">Quando voc\u00ea se aconchega em sua cadeira preferida com uma x\u00edcara de caf\u00e9 fumegante em m\u00e3os, j\u00e1 parou para pensar sobre as maravilhas contidas naquele l\u00edquido? O caf\u00e9 \u00e9 uma bebida rica, repleta de sabores, aromas e hist\u00f3rias que se entrela\u00e7am, criando experi\u00eancias sensoriais inesquec\u00edveis. Neste artigo, mergulhamos no universo complexo do caf\u00e9, explorando os sabores e aromas que o tornam t\u00e3o especial.<\/p>\n\n\n\n<figure class=\"wp-block-image size-large\"><img fetchpriority=\"high\" decoding=\"async\" width=\"1024\" height=\"574\" src=\"https:\/\/blog.geraiscafe.com.br\/wp-content\/uploads\/2023\/08\/magnum_alves_the_world_of_coffee_flavors_acidity_sweetness_bitt_f15521e1-0c70-46ad-8572-94f0461a4628-1024x574.png\" alt=\"ilustra\u00e7\u00e3o sobre notas sensoriais do caf\u00e9, sabores e aromas\" class=\"wp-image-993\" srcset=\"https:\/\/blog.geraiscafe.com.br\/wp-content\/uploads\/2023\/08\/magnum_alves_the_world_of_coffee_flavors_acidity_sweetness_bitt_f15521e1-0c70-46ad-8572-94f0461a4628-1024x574.png 1024w, https:\/\/blog.geraiscafe.com.br\/wp-content\/uploads\/2023\/08\/magnum_alves_the_world_of_coffee_flavors_acidity_sweetness_bitt_f15521e1-0c70-46ad-8572-94f0461a4628-300x168.png 300w, https:\/\/blog.geraiscafe.com.br\/wp-content\/uploads\/2023\/08\/magnum_alves_the_world_of_coffee_flavors_acidity_sweetness_bitt_f15521e1-0c70-46ad-8572-94f0461a4628-768x430.png 768w, https:\/\/blog.geraiscafe.com.br\/wp-content\/uploads\/2023\/08\/magnum_alves_the_world_of_coffee_flavors_acidity_sweetness_bitt_f15521e1-0c70-46ad-8572-94f0461a4628-750x420.png 750w, https:\/\/blog.geraiscafe.com.br\/wp-content\/uploads\/2023\/08\/magnum_alves_the_world_of_coffee_flavors_acidity_sweetness_bitt_f15521e1-0c70-46ad-8572-94f0461a4628-1140x639.png 1140w, https:\/\/blog.geraiscafe.com.br\/wp-content\/uploads\/2023\/08\/magnum_alves_the_world_of_coffee_flavors_acidity_sweetness_bitt_f15521e1-0c70-46ad-8572-94f0461a4628.png 1456w\" sizes=\"(max-width: 1024px) 100vw, 1024px\" \/><\/figure>\n\n\n\n<h2 class=\"wp-block-heading\">A Hist\u00f3ria Rica do Caf\u00e9<\/h2>\n\n\n\n<p>Para compreender verdadeiramente a riqueza do caf\u00e9, devemos primeiro reconhecer sua jornada hist\u00f3rica. Origin\u00e1rio das terras altas da Eti\u00f3pia, esta bebida milenar foi valorizada por v\u00e1rias culturas, desde os \u00e1rabes at\u00e9 os europeus. E, \u00e0 medida que viajava pelo mundo, o caf\u00e9 absorvia nuances culturais, resultando em uma tape\u00e7aria de m\u00e9todos de preparo e sabores.<\/p>\n\n\n\n<h2 class=\"wp-block-heading\">O Mundo dos Sabores do Caf\u00e9<\/h2>\n\n\n\n<p>Em termos de sabor, o caf\u00e9 \u00e9 muito mais do que apenas &#8220;amargo&#8221;. Quando adequadamente degustado, pode apresentar notas de frutas, especiarias, nozes, chocolate, entre outros. Fatores como origem, altitude, clima e processo p\u00f3s-colheita influenciam diretamente nos sabores que identificamos em cada x\u00edcara.<\/p>\n\n\n\n<p><strong>Acidez<\/strong>: N\u00e3o, n\u00e3o estamos falando do gosto azedo, mas sim de uma sensa\u00e7\u00e3o viva e cintilante na l\u00edngua, comumente encontrada em caf\u00e9s de altitudes mais elevadas.<\/p>\n\n\n\n<p><strong>Do\u00e7ura<\/strong>: Um bom caf\u00e9 deve ter uma certa do\u00e7ura, que equilibra sua acidez. Esta do\u00e7ura pode lembrar mel, a\u00e7\u00facar mascavo ou at\u00e9 frutas maduras.<\/p>\n\n\n\n<p><strong>Amargor<\/strong>: Quando bem equilibrado, traz profundidade ao sabor do caf\u00e9. Excessivo, no entanto, pode indicar torra\u00e7\u00e3o excessiva ou moagem inadequada.<\/p>\n\n\n\n<p><strong>Corpo<\/strong>: Refere-se \u00e0 sensa\u00e7\u00e3o de peso ou espessura do caf\u00e9 em sua boca. Um caf\u00e9 com corpo pleno pode parecer cremoso, como leite integral, enquanto um caf\u00e9 leve pode se assemelhar \u00e0 textura da \u00e1gua.<\/p>\n\n\n\n<h2 class=\"wp-block-heading\">Os Encantadores Aromas do Caf\u00e9<\/h2>\n\n\n\n<p>O aroma do caf\u00e9 \u00e9 t\u00e3o vital quanto o seu sabor. Antes mesmo de saborearmos, \u00e9 o aroma que nos seduz, prometendo o prazer que est\u00e1 por vir. Os compostos arom\u00e1ticos s\u00e3o liberados quando os gr\u00e3os s\u00e3o mo\u00eddos e, em seguida, submetidos \u00e0 \u00e1gua quente.<\/p>\n\n\n\n<ul>\n<li><strong>Frutado<\/strong>: Alguns caf\u00e9s possuem notas que lembram frutas como morangos, cerejas ou frutas c\u00edtricas.<\/li>\n\n\n\n<li><strong>Floral<\/strong>: Notas que evocam flores, como jasmim ou bergamota.<\/li>\n\n\n\n<li><strong>Terroso<\/strong>: Um aroma que nos remete \u00e0 terra ou ao solo, muitas vezes encontrado em caf\u00e9s da regi\u00e3o da \u00c1sia.<\/li>\n<\/ul>\n\n\n\n<h2 class=\"wp-block-heading\">O Impacto do Processamento<\/h2>\n\n\n\n<p>O modo como o caf\u00e9 \u00e9 processado ap\u00f3s a colheita pode intensificar ou alterar seus sabores e aromas. O processo natural, onde os gr\u00e3os s\u00e3o secos com a fruta ainda anexada, pode intensificar notas frutadas e doces. J\u00e1 o processo lavado, onde a fruta \u00e9 removida antes da secagem, pode resultar em um caf\u00e9 mais limpo e \u00e1cido.<\/p>\n\n\n\n<h2 class=\"wp-block-heading\">Conclus\u00e3o<\/h2>\n\n\n\n<p>A pr\u00f3xima vez que voc\u00ea tomar um gole de seu caf\u00e9, pare por um momento. Respire profundamente, deguste lentamente e mergulhe nas complexidades que ele oferece. Aprecie a viagem sensorial, desde o aroma sedutor at\u00e9 a \u00faltima gota saborosa. No mundo do caf\u00e9, cada x\u00edcara \u00e9 uma aventura \u00e0 espera de ser explorada.<\/p>\n","protected":false},"excerpt":{"rendered":"<p>Quando voc\u00ea se aconchega em sua cadeira preferida com uma x\u00edcara de caf\u00e9 fumegante em m\u00e3os, j\u00e1 parou para pensar sobre as maravilhas contidas naquele l\u00edquido? O caf\u00e9 \u00e9 uma bebida rica, repleta de sabores, aromas e hist\u00f3rias que se entrela\u00e7am, criando experi\u00eancias sensoriais inesquec\u00edveis. Neste artigo, mergulhamos no universo complexo do caf\u00e9, explorando os [&hellip;]<\/p>\n","protected":false},"author":1,"featured_media":993,"comment_status":"open","ping_status":"open","sticky":false,"template":"","format":"standard","meta":{"content-type":"","footnotes":"","jnews-multi-image_gallery":[],"jnews_single_post":{"subtitle":"","format":"standard","video":"","gallery":"","source_name":"","source_url":"","via_name":"","via_url":"","override_template":"0","override":[{"template":"3","single_blog_custom":"","parallax":"1","fullscreen":"1","layout":"right-sidebar","sidebar":"sidebar-single-post","second_sidebar":"default-sidebar","sticky_sidebar":"1","share_position":"float","share_float_style":"share-monocrhome","show_share_counter":"1","show_view_counter":"1","show_featured":"1","show_post_meta":"1","show_post_author":"1","show_post_author_image":"1","show_post_date":"1","post_date_format":"default","post_date_format_custom":"Y\/m\/d","show_post_category":"1","show_post_reading_time":"0","post_reading_time_wpm":"300","show_zoom_button":"0","zoom_button_out_step":"2","zoom_button_in_step":"3","show_post_tag":"1","show_prev_next_post":"1","show_popup_post":"1","number_popup_post":"1","show_author_box":"1","show_post_related":"1","show_inline_post_related":"0"}],"override_image_size":"0","image_override":[{"single_post_thumbnail_size":"crop-500","single_post_gallery_size":"crop-500"}],"trending_post":"0","trending_post_position":"meta","trending_post_label":"Trending","sponsored_post":"0","sponsored_post_label":"Sponsored by","sponsored_post_name":"","sponsored_post_url":"","sponsored_post_logo_enable":"0","sponsored_post_logo":"","sponsored_post_desc":"","disable_ad":"0"},"jnews_primary_category":{"id":"","hide":""},"jnews_social_meta":{"fb_title":"","fb_description":"","fb_image":"","twitter_title":"","twitter_description":"","twitter_image":""},"jnews_override_counter":{"override_view_counter":"0","view_counter_number":"0","override_share_counter":"0","share_counter_number":"0","override_like_counter":"0","like_counter_number":"0","override_dislike_counter":"0","dislike_counter_number":"0"}},"categories":[101,102],"tags":[196,197,200,201,199,108,202,198,131,134],"_links":{"self":[{"href":"https:\/\/blog.geraiscafe.com.br\/index.php\/wp-json\/wp\/v2\/posts\/992"}],"collection":[{"href":"https:\/\/blog.geraiscafe.com.br\/index.php\/wp-json\/wp\/v2\/posts"}],"about":[{"href":"https:\/\/blog.geraiscafe.com.br\/index.php\/wp-json\/wp\/v2\/types\/post"}],"author":[{"embeddable":true,"href":"https:\/\/blog.geraiscafe.com.br\/index.php\/wp-json\/wp\/v2\/users\/1"}],"replies":[{"embeddable":true,"href":"https:\/\/blog.geraiscafe.com.br\/index.php\/wp-json\/wp\/v2\/comments?post=992"}],"version-history":[{"count":1,"href":"https:\/\/blog.geraiscafe.com.br\/index.php\/wp-json\/wp\/v2\/posts\/992\/revisions"}],"predecessor-version":[{"id":994,"href":"https:\/\/blog.geraiscafe.com.br\/index.php\/wp-json\/wp\/v2\/posts\/992\/revisions\/994"}],"wp:featuredmedia":[{"embeddable":true,"href":"https:\/\/blog.geraiscafe.com.br\/index.php\/wp-json\/wp\/v2\/media\/993"}],"wp:attachment":[{"href":"https:\/\/blog.geraiscafe.com.br\/index.php\/wp-json\/wp\/v2\/media?parent=992"}],"wp:term":[{"taxonomy":"category","embeddable":true,"href":"https:\/\/blog.geraiscafe.com.br\/index.php\/wp-json\/wp\/v2\/categories?post=992"},{"taxonomy":"post_tag","embeddable":true,"href":"https:\/\/blog.geraiscafe.com.br\/index.php\/wp-json\/wp\/v2\/tags?post=992"}],"curies":[{"name":"wp","href":"https:\/\/api.w.org\/{rel}","templated":true}]}}