{"id":997,"date":"2023-08-07T20:45:46","date_gmt":"2023-08-07T23:45:46","guid":{"rendered":"https:\/\/blog.geraiscafe.com.br\/?p=997"},"modified":"2023-08-07T20:45:46","modified_gmt":"2023-08-07T23:45:46","slug":"saboreie-o-inusitado-variedades-inovadoras-de-produtos-feitos-com-cafe","status":"publish","type":"post","link":"https:\/\/blog.geraiscafe.com.br\/index.php\/2023\/08\/07\/saboreie-o-inusitado-variedades-inovadoras-de-produtos-feitos-com-cafe\/","title":{"rendered":"Saboreie o Inusitado: Variedades Inovadoras de Produtos Feitos com Caf\u00e9"},"content":{"rendered":"\n<p class=\"has-medium-font-size\">Caf\u00e9. Ah, essa pequena palavra tem o poder de evocar um universo de sensa\u00e7\u00f5es. De sua ess\u00eancia rica e robusta ao seu aroma sedutor, o caf\u00e9 conquista cora\u00e7\u00f5es e mentes em todo o mundo. No entanto, voc\u00ea sabia que o caf\u00e9 n\u00e3o \u00e9 apenas para beber? Ele transcendeu a x\u00edcara para se manifestar numa s\u00e9rie de produtos inovadores. \u00c9 exatamente isso que exploraremos neste artigo: as variedades empolgantes de produtos feitos com caf\u00e9.<\/p>\n\n\n\n<figure class=\"wp-block-image size-large\"><img fetchpriority=\"high\" decoding=\"async\" width=\"1024\" height=\"574\" src=\"https:\/\/blog.geraiscafe.com.br\/wp-content\/uploads\/2023\/08\/magnum_alves_variety_of_coffee-based_products_coffee-based_exfo_a35fdaf9-642b-47f4-8dbd-68c8f4ace4b3-1024x574.png\" alt=\"\" class=\"wp-image-998\" srcset=\"https:\/\/blog.geraiscafe.com.br\/wp-content\/uploads\/2023\/08\/magnum_alves_variety_of_coffee-based_products_coffee-based_exfo_a35fdaf9-642b-47f4-8dbd-68c8f4ace4b3-1024x574.png 1024w, https:\/\/blog.geraiscafe.com.br\/wp-content\/uploads\/2023\/08\/magnum_alves_variety_of_coffee-based_products_coffee-based_exfo_a35fdaf9-642b-47f4-8dbd-68c8f4ace4b3-300x168.png 300w, https:\/\/blog.geraiscafe.com.br\/wp-content\/uploads\/2023\/08\/magnum_alves_variety_of_coffee-based_products_coffee-based_exfo_a35fdaf9-642b-47f4-8dbd-68c8f4ace4b3-768x430.png 768w, https:\/\/blog.geraiscafe.com.br\/wp-content\/uploads\/2023\/08\/magnum_alves_variety_of_coffee-based_products_coffee-based_exfo_a35fdaf9-642b-47f4-8dbd-68c8f4ace4b3-750x420.png 750w, https:\/\/blog.geraiscafe.com.br\/wp-content\/uploads\/2023\/08\/magnum_alves_variety_of_coffee-based_products_coffee-based_exfo_a35fdaf9-642b-47f4-8dbd-68c8f4ace4b3-1140x639.png 1140w, https:\/\/blog.geraiscafe.com.br\/wp-content\/uploads\/2023\/08\/magnum_alves_variety_of_coffee-based_products_coffee-based_exfo_a35fdaf9-642b-47f4-8dbd-68c8f4ace4b3.png 1456w\" sizes=\"(max-width: 1024px) 100vw, 1024px\" \/><\/figure>\n\n\n\n<h2 class=\"wp-block-heading\"><strong>Cosm\u00e9ticos \u00e0 Base de Caf\u00e9<\/strong><\/h2>\n\n\n\n<p>Os antioxidantes presentes no caf\u00e9 s\u00e3o not\u00f3rios por seus benef\u00edcios \u00e0 pele. Por isso, muitas marcas de cosm\u00e9ticos incorporaram o caf\u00e9 em suas f\u00f3rmulas. Os esfoliantes de caf\u00e9, por exemplo, s\u00e3o \u00f3timos para revitalizar a pele, removendo as c\u00e9lulas mortas e revelando uma pele mais brilhante e jovem. Al\u00e9m disso, m\u00e1scaras faciais \u00e0 base de caf\u00e9 est\u00e3o se tornando cada vez mais populares devido \u00e0 sua capacidade de restringir os vasos sangu\u00edneos e reduzir o incha\u00e7o e a inflama\u00e7\u00e3o.<\/p>\n\n\n\n<h2 class=\"wp-block-heading\"><strong>Produtos Aliment\u00edcios de Caf\u00e9<\/strong><\/h2>\n\n\n\n<p>Al\u00e9m das tradicionais bebidas \u00e0 base de caf\u00e9, o caf\u00e9 tamb\u00e9m se infiltrou em nossa alimenta\u00e7\u00e3o. Voc\u00ea pode encontrar sorvetes de caf\u00e9 deliciosos, gel\u00e9ias aromatizadas com caf\u00e9 e at\u00e9 mesmo carnes marinadas em caf\u00e9. Experimente molhos barbecue com infus\u00e3o de caf\u00e9 para um toque ousado e robusto, ou trufas de chocolate e caf\u00e9 para satisfazer sua necessidade de um doce indulgente. O caf\u00e9 traz um elemento de profundidade e complexidade que eleva esses alimentos a um novo n\u00edvel.<\/p>\n\n\n\n<h2 class=\"wp-block-heading\"><strong>Roupas Feitas de Caf\u00e9<\/strong><\/h2>\n\n\n\n<p>Sim, voc\u00ea leu certo! O caf\u00e9 n\u00e3o est\u00e1 limitado apenas \u00e0 cozinha e ao banheiro. As inova\u00e7\u00f5es na ind\u00fastria da moda levaram ao desenvolvimento de tecidos sustent\u00e1veis feitos de borras de caf\u00e9. As fibras de caf\u00e9 s\u00e3o respir\u00e1veis, naturais e possuem propriedades de controle de odor e UV. Essas caracter\u00edsticas tornam as roupas feitas de caf\u00e9 perfeitas para roupas esportivas e casuais.<\/p>\n\n\n\n<h2 class=\"wp-block-heading\"><strong>Conclus\u00e3o<\/strong><\/h2>\n\n\n\n<p>O caf\u00e9 \u00e9, sem d\u00favida, uma maravilha vers\u00e1til. De cosm\u00e9ticos a alimentos e moda, as possibilidades com o caf\u00e9 parecem ser infinitas. A pr\u00f3xima vez que voc\u00ea saborear uma x\u00edcara de caf\u00e9, lembre-se de que est\u00e1 consumindo mais do que apenas uma bebida &#8211; est\u00e1 apreciando um mundo de inova\u00e7\u00f5es e possibilidades.<\/p>\n","protected":false},"excerpt":{"rendered":"<p>Caf\u00e9. Ah, essa pequena palavra tem o poder de evocar um universo de sensa\u00e7\u00f5es. De sua ess\u00eancia rica e robusta ao seu aroma sedutor, o caf\u00e9 conquista cora\u00e7\u00f5es e mentes em todo o mundo. No entanto, voc\u00ea sabia que o caf\u00e9 n\u00e3o \u00e9 apenas para beber? Ele transcendeu a x\u00edcara para se manifestar numa s\u00e9rie [&hellip;]<\/p>\n","protected":false},"author":1,"featured_media":998,"comment_status":"open","ping_status":"open","sticky":false,"template":"","format":"standard","meta":{"content-type":"","footnotes":"","jnews-multi-image_gallery":[],"jnews_single_post":{"subtitle":"","format":"standard","video":"","gallery":"","source_name":"","source_url":"","via_name":"","via_url":"","override_template":"0","override":[{"template":"3","single_blog_custom":"","parallax":"1","fullscreen":"1","layout":"right-sidebar","sidebar":"sidebar-single-post","second_sidebar":"default-sidebar","sticky_sidebar":"1","share_position":"float","share_float_style":"share-monocrhome","show_share_counter":"1","show_view_counter":"1","show_featured":"1","show_post_meta":"1","show_post_author":"1","show_post_author_image":"1","show_post_date":"1","post_date_format":"default","post_date_format_custom":"Y\/m\/d","show_post_category":"1","show_post_reading_time":"0","post_reading_time_wpm":"300","show_zoom_button":"0","zoom_button_out_step":"2","zoom_button_in_step":"3","show_post_tag":"1","show_prev_next_post":"1","show_popup_post":"1","number_popup_post":"1","show_author_box":"1","show_post_related":"1","show_inline_post_related":"0"}],"override_image_size":"0","image_override":[{"single_post_thumbnail_size":"crop-500","single_post_gallery_size":"crop-500"}],"trending_post":"0","trending_post_position":"meta","trending_post_label":"Trending","sponsored_post":"0","sponsored_post_label":"Sponsored by","sponsored_post_name":"","sponsored_post_url":"","sponsored_post_logo_enable":"0","sponsored_post_logo":"","sponsored_post_desc":"","disable_ad":"0"},"jnews_primary_category":{"id":"","hide":""},"jnews_social_meta":{"fb_title":"","fb_description":"","fb_image":"","twitter_title":"","twitter_description":"","twitter_image":""},"jnews_override_counter":{"override_view_counter":"0","view_counter_number":"0","override_share_counter":"0","share_counter_number":"0","override_like_counter":"0","like_counter_number":"0","override_dislike_counter":"0","dislike_counter_number":"0"}},"categories":[98],"tags":[205,110,204,105,206,203,194],"_links":{"self":[{"href":"https:\/\/blog.geraiscafe.com.br\/index.php\/wp-json\/wp\/v2\/posts\/997"}],"collection":[{"href":"https:\/\/blog.geraiscafe.com.br\/index.php\/wp-json\/wp\/v2\/posts"}],"about":[{"href":"https:\/\/blog.geraiscafe.com.br\/index.php\/wp-json\/wp\/v2\/types\/post"}],"author":[{"embeddable":true,"href":"https:\/\/blog.geraiscafe.com.br\/index.php\/wp-json\/wp\/v2\/users\/1"}],"replies":[{"embeddable":true,"href":"https:\/\/blog.geraiscafe.com.br\/index.php\/wp-json\/wp\/v2\/comments?post=997"}],"version-history":[{"count":1,"href":"https:\/\/blog.geraiscafe.com.br\/index.php\/wp-json\/wp\/v2\/posts\/997\/revisions"}],"predecessor-version":[{"id":999,"href":"https:\/\/blog.geraiscafe.com.br\/index.php\/wp-json\/wp\/v2\/posts\/997\/revisions\/999"}],"wp:featuredmedia":[{"embeddable":true,"href":"https:\/\/blog.geraiscafe.com.br\/index.php\/wp-json\/wp\/v2\/media\/998"}],"wp:attachment":[{"href":"https:\/\/blog.geraiscafe.com.br\/index.php\/wp-json\/wp\/v2\/media?parent=997"}],"wp:term":[{"taxonomy":"category","embeddable":true,"href":"https:\/\/blog.geraiscafe.com.br\/index.php\/wp-json\/wp\/v2\/categories?post=997"},{"taxonomy":"post_tag","embeddable":true,"href":"https:\/\/blog.geraiscafe.com.br\/index.php\/wp-json\/wp\/v2\/tags?post=997"}],"curies":[{"name":"wp","href":"https:\/\/api.w.org\/{rel}","templated":true}]}}