{"id":132,"count":1,"description":"","link":"https:\/\/blog.geraiscafe.com.br\/index.php\/tag\/preparacao-de-cafe\/","name":"prepara\u00e7\u00e3o de caf\u00e9","slug":"preparacao-de-cafe","taxonomy":"post_tag","meta":[],"_links":{"self":[{"href":"https:\/\/blog.geraiscafe.com.br\/index.php\/wp-json\/wp\/v2\/tags\/132"}],"collection":[{"href":"https:\/\/blog.geraiscafe.com.br\/index.php\/wp-json\/wp\/v2\/tags"}],"about":[{"href":"https:\/\/blog.geraiscafe.com.br\/index.php\/wp-json\/wp\/v2\/taxonomies\/post_tag"}],"wp:post_type":[{"href":"https:\/\/blog.geraiscafe.com.br\/index.php\/wp-json\/wp\/v2\/posts?tags=132"}],"curies":[{"name":"wp","href":"https:\/\/api.w.org\/{rel}","templated":true}]}}